{"id":54299,"date":"2025-10-28T10:30:09","date_gmt":"2025-10-28T08:30:09","guid":{"rendered":"https:\/\/www.esplac.cat\/?p=54299"},"modified":"2025-10-29T12:32:08","modified_gmt":"2025-10-29T10:32:08","slug":"congres-ifm-sei-2025","status":"publish","type":"post","link":"https:\/\/www.esplac.cat\/es\/congres-ifm-sei-2025\/","title":{"rendered":"Descobreix tot el que va passar a l&#8217;\u00faltim congr\u00e9s de l\u2019IFM-SEI"},"content":{"rendered":"<div class=\"fusion-fullwidth fullwidth-box fusion-builder-row-1 fusion-flex-container has-pattern-background has-mask-background nonhundred-percent-fullwidth non-hundred-percent-height-scrolling\" style=\"--awb-border-radius-top-left:0px;--awb-border-radius-top-right:0px;--awb-border-radius-bottom-right:0px;--awb-border-radius-bottom-left:0px;--awb-flex-wrap:wrap;\" ><div class=\"fusion-builder-row fusion-row fusion-flex-align-items-flex-start fusion-flex-content-wrap\" style=\"max-width:1248px;margin-left: calc(-4% \/ 2 );margin-right: calc(-4% \/ 2 );\"><div class=\"fusion-layout-column fusion_builder_column fusion-builder-column-0 fusion_builder_column_1_1 1_1 fusion-flex-column\" style=\"--awb-bg-size:cover;--awb-width-large:100%;--awb-margin-top-large:0px;--awb-spacing-right-large:1.92%;--awb-margin-bottom-large:20px;--awb-spacing-left-large:1.92%;--awb-width-medium:100%;--awb-order-medium:0;--awb-spacing-right-medium:1.92%;--awb-spacing-left-medium:1.92%;--awb-width-small:100%;--awb-order-small:0;--awb-spacing-right-small:1.92%;--awb-spacing-left-small:1.92%;\"><div class=\"fusion-column-wrapper fusion-column-has-shadow fusion-flex-justify-content-flex-start fusion-content-layout-column\"><div class=\"fusion-text fusion-text-1\"><h6><strong>En aquest espai de trobada es van celebrar eleccions, es van aprovar canvis a la constituci\u00f3 de l&#8217;IFM-SEI i es van prendre decisions rellevants sobre la continuaci\u00f3 d\u2019algunes organitzacions membres.<\/strong><\/h6>\n<p>Del 18 al 20 de juliol de 2025, Esplac vam participar al Congr\u00e9s de l<strong>\u2019<span style=\"color: #f69d0b;\"><a style=\"color: #f69d0b;\" href=\"https:\/\/ifm-sei.org\/\" target=\"_blank\" rel=\"noopener\">IFM-SEI<\/a><\/span><\/strong> celebrat a D\u00f6briach, \u00c0ustria, a trav\u00e9s de la Iris Garcia, membre de la <span style=\"color: #f69d0b;\"><a style=\"color: #f69d0b;\" href=\"https:\/\/www.esplac.cat\/internacional\/\" target=\"_blank\" rel=\"noopener\"><strong>Comissi\u00f3 d\u2019Internacional<\/strong><\/a><\/span>. Al congr\u00e9s, l&#8217;espai que reuneix totes les entitats membres d\u2019aquesta organitzaci\u00f3, es van<strong> celebrar eleccions<\/strong>, es van <strong>aprovar canvis a la constituci\u00f3 de l&#8217;IFM-SEI<\/strong> i es van prendre decisions rellevants sobre la <strong>continuaci\u00f3 d\u2019algunes organitzacions membres<\/strong>.<\/p>\n<p>Durant les primeres sessions es van ratificar les comissions del congr\u00e9s, es van aprovar els informes d\u2019activitat, finances i control del per\u00edode 2022\u20132025 i es van celebrar reunions regionals. En el cas d\u2019Esplac, es va participar en la reuni\u00f3 de l\u2019<strong>European Falcon Network<\/strong> (EFN), on es van compartir inquietuds comunes sobre el congr\u00e9s. Entre les resolucions aprovades, destaca la<strong> incorporaci\u00f3 de dues noves organitzacions<\/strong> membres: <strong>Construyendo Bolivia<\/strong> i <strong>The Vision<\/strong> (Pakistan).<\/p>\n<p>Tamb\u00e9 es va debatre la possible expulsi\u00f3 d\u2019organitzacions que no estaven al dia amb les quotes de membresia, tot i que finalment no se\u2019n va expulsar cap per aquest motiu. En canvi, s\u00ed que <strong>es va aprovar l\u2019expulsi\u00f3 de Hashomer Hatzair i NOAL, a causa del seu apropament a mil\u00edcies israelianes<\/strong>. La Iris, en nom d\u2019Esplac, va fer una intervenci\u00f3 tant a la reuni\u00f3 de l\u2019EFN com a la sessi\u00f3 plen\u00e0ria, despr\u00e9s que la Comissi\u00f3 d\u2019Investigaci\u00f3 de les dues organitzacions recoman\u00e9s la seva estada a l\u2019IFM-SEI. En la seva intervenci\u00f3, es va posicionar a favor de l\u2019expulsi\u00f3 i va expressar el seu recolzament a les organitzacions palestines, en coher\u00e8ncia amb el <strong>posicionament d\u2019Esplac en defensa dels drets del poble palest\u00ed i contra qualsevol forma de militarisme en l\u2019educaci\u00f3 en el lleure<\/strong>.<\/p>\n<p>Paral\u00b7lelament, es van aprovar les seg\u00fcents resolucions: la creaci\u00f3 d&#8217;un grup de treball que revisi les quotes de membresia, la <strong>promoci\u00f3 de l\u2019educaci\u00f3 per la pau<\/strong>, el <strong>desenvolupament d\u2019una pol\u00edtica antiracista<\/strong> i la comunicaci\u00f3 amb les organitzacions membres. Tamb\u00e9 es van aprovar algunes <strong>modificacions a la constituci\u00f3 i al pla estrat\u00e8gic<\/strong>, entre les quals destaca el canvi en la periodicitat dels congressos. A partir d\u2019ara aquests se celebraran cada 2 anys en lloc de cada 3, fet que afecta a la durada dels mandats i implica la redacci\u00f3 de noves normes per als congressos extraordinaris.<\/p>\n<p>En relaci\u00f3 amb els \u00f2rgans de govern, es va ratificar el <strong>Presidium<\/strong> amb els membres actuals i es van incorporar dues persones a la <strong>Comissi\u00f3 de Control<\/strong>, refor\u00e7ant aix\u00ed la transpar\u00e8ncia interna. Tamb\u00e9 es va acomiadar Babacar Tour\u00e9, de Pioneers du Mali, que ha estat membre del Presidium durant sis anys, i a qui es va recon\u00e8ixer la seva dedicaci\u00f3 i comprom\u00eds amb el moviment.<\/p>\n<p>Una de les not\u00edcies m\u00e9s celebrades del congr\u00e9s va ser l\u2019<strong>elecci\u00f3 de Mar\u00eda Felisa G\u00f3mez com a nova Secret\u00e0ria General de l\u2019IFM-SEI<\/strong>. A m\u00e9s, la <strong>Shesica Paez, <\/strong>membre de la Comissi\u00f3 Internacional d\u2019Esplac, <strong>va ser escollida de nou com a Presidenta de l\u2019IFM-SEI<\/strong>.<\/p>\n<\/div><blockquote class=\"instagram-media\" data-instgrm-captioned data-instgrm-permalink=\"https:\/\/www.instagram.com\/p\/DObULcuDH-x\/?utm_source=ig_embed&utm_campaign=loading\" data-instgrm-version=\"14\" style=\" background:#FFF; border:0; border-radius:3px; box-shadow:0 0 1px 0 rgba(0,0,0,0.5),0 1px 10px 0 rgba(0,0,0,0.15); margin: 1px; max-width:540px; min-width:326px; padding:0; width:99.375%; width:-webkit-calc(100% - 2px); width:calc(100% - 2px);\"><div style=\"padding:16px;\"> <a href=\"https:\/\/www.instagram.com\/p\/DObULcuDH-x\/?utm_source=ig_embed&utm_campaign=loading\" style=\" background:#FFFFFF; line-height:0; padding:0 0; text-align:center; text-decoration:none; width:100%;\" target=\"_blank\"> <div style=\" display: flex; flex-direction: row; align-items: center;\"> <div style=\"background-color: #F4F4F4; border-radius: 50%; flex-grow: 0; height: 40px; margin-right: 14px; width: 40px;\"><\/div> <div style=\"display: flex; flex-direction: column; flex-grow: 1; justify-content: center;\"> <div style=\" background-color: #F4F4F4; border-radius: 4px; flex-grow: 0; height: 14px; margin-bottom: 6px; width: 100px;\"><\/div> <div style=\" background-color: #F4F4F4; border-radius: 4px; flex-grow: 0; height: 14px; width: 60px;\"><\/div><\/div><\/div><div style=\"padding: 19% 0;\"><\/div> <div style=\"display:block; height:50px; margin:0 auto 12px; width:50px;\"><svg width=\"50px\" height=\"50px\" viewBox=\"0 0 60 60\" version=\"1.1\" xmlns=\"https:\/\/www.w3.org\/2000\/svg\" xmlns:xlink=\"https:\/\/www.w3.org\/1999\/xlink\"><g stroke=\"none\" stroke-width=\"1\" fill=\"none\" fill-rule=\"evenodd\"><g transform=\"translate(-511.000000, -20.000000)\" fill=\"#000000\"><g><path d=\"M556.869,30.41 C554.814,30.41 553.148,32.076 553.148,34.131 C553.148,36.186 554.814,37.852 556.869,37.852 C558.924,37.852 560.59,36.186 560.59,34.131 C560.59,32.076 558.924,30.41 556.869,30.41 M541,60.657 C535.114,60.657 530.342,55.887 530.342,50 C530.342,44.114 535.114,39.342 541,39.342 C546.887,39.342 551.658,44.114 551.658,50 C551.658,55.887 546.887,60.657 541,60.657 M541,33.886 C532.1,33.886 524.886,41.1 524.886,50 C524.886,58.899 532.1,66.113 541,66.113 C549.9,66.113 557.115,58.899 557.115,50 C557.115,41.1 549.9,33.886 541,33.886 M565.378,62.101 C565.244,65.022 564.756,66.606 564.346,67.663 C563.803,69.06 563.154,70.057 562.106,71.106 C561.058,72.155 560.06,72.803 558.662,73.347 C557.607,73.757 556.021,74.244 553.102,74.378 C549.944,74.521 548.997,74.552 541,74.552 C533.003,74.552 532.056,74.521 528.898,74.378 C525.979,74.244 524.393,73.757 523.338,73.347 C521.94,72.803 520.942,72.155 519.894,71.106 C518.846,70.057 518.197,69.06 517.654,67.663 C517.244,66.606 516.755,65.022 516.623,62.101 C516.479,58.943 516.448,57.996 516.448,50 C516.448,42.003 516.479,41.056 516.623,37.899 C516.755,34.978 517.244,33.391 517.654,32.338 C518.197,30.938 518.846,29.942 519.894,28.894 C520.942,27.846 521.94,27.196 523.338,26.654 C524.393,26.244 525.979,25.756 528.898,25.623 C532.057,25.479 533.004,25.448 541,25.448 C548.997,25.448 549.943,25.479 553.102,25.623 C556.021,25.756 557.607,26.244 558.662,26.654 C560.06,27.196 561.058,27.846 562.106,28.894 C563.154,29.942 563.803,30.938 564.346,32.338 C564.756,33.391 565.244,34.978 565.378,37.899 C565.522,41.056 565.552,42.003 565.552,50 C565.552,57.996 565.522,58.943 565.378,62.101 M570.82,37.631 C570.674,34.438 570.167,32.258 569.425,30.349 C568.659,28.377 567.633,26.702 565.965,25.035 C564.297,23.368 562.623,22.342 560.652,21.575 C558.743,20.834 556.562,20.326 553.369,20.18 C550.169,20.033 549.148,20 541,20 C532.853,20 531.831,20.033 528.631,20.18 C525.438,20.326 523.257,20.834 521.349,21.575 C519.376,22.342 517.703,23.368 516.035,25.035 C514.368,26.702 513.342,28.377 512.574,30.349 C511.834,32.258 511.326,34.438 511.181,37.631 C511.035,40.831 511,41.851 511,50 C511,58.147 511.035,59.17 511.181,62.369 C511.326,65.562 511.834,67.743 512.574,69.651 C513.342,71.625 514.368,73.296 516.035,74.965 C517.703,76.634 519.376,77.658 521.349,78.425 C523.257,79.167 525.438,79.673 528.631,79.82 C531.831,79.965 532.853,80.001 541,80.001 C549.148,80.001 550.169,79.965 553.369,79.82 C556.562,79.673 558.743,79.167 560.652,78.425 C562.623,77.658 564.297,76.634 565.965,74.965 C567.633,73.296 568.659,71.625 569.425,69.651 C570.167,67.743 570.674,65.562 570.82,62.369 C570.966,59.17 571,58.147 571,50 C571,41.851 570.966,40.831 570.82,37.631\"><\/path><\/g><\/g><\/g><\/svg><\/div><div style=\"padding-top: 8px;\"> <div style=\" color:#3897f0; font-family:Arial,sans-serif; font-size:14px; font-style:normal; font-weight:550; line-height:18px;\">View this post on Instagram<\/div><\/div><div style=\"padding: 12.5% 0;\"><\/div> <div style=\"display: flex; flex-direction: row; margin-bottom: 14px; align-items: center;\"><div> <div style=\"background-color: #F4F4F4; border-radius: 50%; height: 12.5px; width: 12.5px; transform: translateX(0px) translateY(7px);\"><\/div> <div style=\"background-color: #F4F4F4; height: 12.5px; transform: rotate(-45deg) translateX(3px) translateY(1px); width: 12.5px; flex-grow: 0; margin-right: 14px; margin-left: 2px;\"><\/div> <div style=\"background-color: #F4F4F4; border-radius: 50%; height: 12.5px; width: 12.5px; transform: translateX(9px) translateY(-18px);\"><\/div><\/div><div style=\"margin-left: 8px;\"> <div style=\" background-color: #F4F4F4; border-radius: 50%; flex-grow: 0; height: 20px; width: 20px;\"><\/div> <div style=\" width: 0; height: 0; border-top: 2px solid transparent; border-left: 6px solid #f4f4f4; border-bottom: 2px solid transparent; transform: translateX(16px) translateY(-4px) rotate(30deg)\"><\/div><\/div><div style=\"margin-left: auto;\"> <div style=\" width: 0px; border-top: 8px solid #F4F4F4; border-right: 8px solid transparent; transform: translateY(16px);\"><\/div> <div style=\" background-color: #F4F4F4; flex-grow: 0; height: 12px; width: 16px; transform: translateY(-4px);\"><\/div> <div style=\" width: 0; height: 0; border-top: 8px solid #F4F4F4; border-left: 8px solid transparent; transform: translateY(-4px) translateX(8px);\"><\/div><\/div><\/div> <div style=\"display: flex; flex-direction: column; flex-grow: 1; justify-content: center; margin-bottom: 24px;\"> <div style=\" background-color: #F4F4F4; border-radius: 4px; flex-grow: 0; height: 14px; margin-bottom: 6px; width: 224px;\"><\/div> <div style=\" background-color: #F4F4F4; border-radius: 4px; flex-grow: 0; height: 14px; width: 144px;\"><\/div><\/div><\/a><p style=\" color:#c9c8cd; font-family:Arial,sans-serif; font-size:14px; line-height:17px; margin-bottom:0; margin-top:8px; overflow:hidden; padding:8px 0 7px; text-align:center; text-overflow:ellipsis; white-space:nowrap;\"><a href=\"https:\/\/www.instagram.com\/p\/DObULcuDH-x\/?utm_source=ig_embed&utm_campaign=loading\" style=\" color:#c9c8cd; font-family:Arial,sans-serif; font-size:14px; font-style:normal; font-weight:normal; line-height:17px; text-decoration:none;\" target=\"_blank\">A post shared by IFM-SEI (@ifmsei)<\/a><\/p><\/div><\/blockquote>\n<script async src=\"\/\/www.instagram.com\/embed.js\"><\/script><\/div><\/div><\/div><\/div>\n","protected":false},"excerpt":{"rendered":"","protected":false},"author":3,"featured_media":54300,"comment_status":"closed","ping_status":"closed","sticky":false,"template":"","format":"standard","meta":{"om_disable_all_campaigns":false,"_monsterinsights_skip_tracking":false,"_monsterinsights_sitenote_active":false,"_monsterinsights_sitenote_note":"","_monsterinsights_sitenote_category":0,"_uf_show_specific_survey":0,"_uf_disable_surveys":false,"footnotes":""},"categories":[1168],"tags":[],"class_list":["post-54299","post","type-post","status-publish","format-standard","has-post-thumbnail","hentry","category-creuant_mirades"],"yoast_head":"<!-- This site is optimized with the Yoast SEO plugin v27.4 - https:\/\/yoast.com\/product\/yoast-seo-wordpress\/ -->\n<title>Descobreix tot el que va passar a l&#039;\u00faltim congr\u00e9s de l\u2019IFM-SEI - Esplac<\/title>\n<meta name=\"description\" content=\"En aquesta trobada es van celebrar eleccions, es van aprovar canvis en la constituci\u00f3 i es va parlar sobre la continuaci\u00f3 d\u2019algunes organitzacions.\" \/>\n<meta name=\"robots\" content=\"index, follow, max-snippet:-1, max-image-preview:large, max-video-preview:-1\" \/>\n<link rel=\"canonical\" href=\"https:\/\/www.esplac.cat\/congres-ifm-sei-2025\/\" \/>\n<meta property=\"og:locale\" content=\"es_ES\" \/>\n<meta property=\"og:type\" content=\"article\" \/>\n<meta property=\"og:title\" content=\"Descobreix tot el que va passar a l&#039;\u00faltim congr\u00e9s de l\u2019IFM-SEI - Esplac\" \/>\n<meta property=\"og:description\" content=\"En aquesta trobada es van celebrar eleccions, es van aprovar canvis en la constituci\u00f3 i es va parlar sobre la continuaci\u00f3 d\u2019algunes organitzacions.\" \/>\n<meta property=\"og:url\" content=\"https:\/\/www.esplac.cat\/congres-ifm-sei-2025\/\" \/>\n<meta property=\"og:site_name\" content=\"Esplac\" \/>\n<meta property=\"article:published_time\" content=\"2025-10-28T08:30:09+00:00\" \/>\n<meta property=\"article:modified_time\" content=\"2025-10-29T10:32:08+00:00\" \/>\n<meta property=\"og:image\" content=\"https:\/\/www.esplac.cat\/wp-content\/uploads\/2025\/10\/Congres_IFM-scaled.jpg\" \/>\n\t<meta property=\"og:image:width\" content=\"2560\" \/>\n\t<meta property=\"og:image:height\" content=\"1056\" \/>\n\t<meta property=\"og:image:type\" content=\"image\/jpeg\" \/>\n<meta name=\"author\" content=\"Comunicaci\u00f3 Esplac\" \/>\n<meta name=\"twitter:card\" content=\"summary_large_image\" \/>\n<meta name=\"twitter:label1\" content=\"Escrito por\" \/>\n\t<meta name=\"twitter:data1\" content=\"Comunicaci\u00f3 Esplac\" \/>\n\t<meta name=\"twitter:label2\" content=\"Tiempo de lectura\" \/>\n\t<meta name=\"twitter:data2\" content=\"3 minutos\" \/>\n<script type=\"application\/ld+json\" class=\"yoast-schema-graph\">{\"@context\":\"https:\\\/\\\/schema.org\",\"@graph\":[{\"@type\":\"Article\",\"@id\":\"https:\\\/\\\/www.esplac.cat\\\/congres-ifm-sei-2025\\\/#article\",\"isPartOf\":{\"@id\":\"https:\\\/\\\/www.esplac.cat\\\/congres-ifm-sei-2025\\\/\"},\"author\":{\"name\":\"Comunicaci\u00f3 Esplac\",\"@id\":\"https:\\\/\\\/www.esplac.cat\\\/#\\\/schema\\\/person\\\/908383cf240be18b68f8855d0583faca\"},\"headline\":\"Descobreix tot el que va passar a l&#8217;\u00faltim congr\u00e9s de l\u2019IFM-SEI\",\"datePublished\":\"2025-10-28T08:30:09+00:00\",\"dateModified\":\"2025-10-29T10:32:08+00:00\",\"mainEntityOfPage\":{\"@id\":\"https:\\\/\\\/www.esplac.cat\\\/congres-ifm-sei-2025\\\/\"},\"wordCount\":2709,\"publisher\":{\"@id\":\"https:\\\/\\\/www.esplac.cat\\\/#organization\"},\"image\":{\"@id\":\"https:\\\/\\\/www.esplac.cat\\\/congres-ifm-sei-2025\\\/#primaryimage\"},\"thumbnailUrl\":\"https:\\\/\\\/www.esplac.cat\\\/wp-content\\\/uploads\\\/2025\\\/10\\\/Congres_IFM-scaled.jpg\",\"articleSection\":[\"Creuant mirades\"],\"inLanguage\":\"es\"},{\"@type\":\"WebPage\",\"@id\":\"https:\\\/\\\/www.esplac.cat\\\/congres-ifm-sei-2025\\\/\",\"url\":\"https:\\\/\\\/www.esplac.cat\\\/congres-ifm-sei-2025\\\/\",\"name\":\"Descobreix tot el que va passar a l'\u00faltim congr\u00e9s de l\u2019IFM-SEI - Esplac\",\"isPartOf\":{\"@id\":\"https:\\\/\\\/www.esplac.cat\\\/#website\"},\"primaryImageOfPage\":{\"@id\":\"https:\\\/\\\/www.esplac.cat\\\/congres-ifm-sei-2025\\\/#primaryimage\"},\"image\":{\"@id\":\"https:\\\/\\\/www.esplac.cat\\\/congres-ifm-sei-2025\\\/#primaryimage\"},\"thumbnailUrl\":\"https:\\\/\\\/www.esplac.cat\\\/wp-content\\\/uploads\\\/2025\\\/10\\\/Congres_IFM-scaled.jpg\",\"datePublished\":\"2025-10-28T08:30:09+00:00\",\"dateModified\":\"2025-10-29T10:32:08+00:00\",\"description\":\"En aquesta trobada es van celebrar eleccions, es van aprovar canvis en la constituci\u00f3 i es va parlar sobre la continuaci\u00f3 d\u2019algunes organitzacions.\",\"breadcrumb\":{\"@id\":\"https:\\\/\\\/www.esplac.cat\\\/congres-ifm-sei-2025\\\/#breadcrumb\"},\"inLanguage\":\"es\",\"potentialAction\":[{\"@type\":\"ReadAction\",\"target\":[\"https:\\\/\\\/www.esplac.cat\\\/congres-ifm-sei-2025\\\/\"]}]},{\"@type\":\"ImageObject\",\"inLanguage\":\"es\",\"@id\":\"https:\\\/\\\/www.esplac.cat\\\/congres-ifm-sei-2025\\\/#primaryimage\",\"url\":\"https:\\\/\\\/www.esplac.cat\\\/wp-content\\\/uploads\\\/2025\\\/10\\\/Congres_IFM-scaled.jpg\",\"contentUrl\":\"https:\\\/\\\/www.esplac.cat\\\/wp-content\\\/uploads\\\/2025\\\/10\\\/Congres_IFM-scaled.jpg\",\"width\":2560,\"height\":1056,\"caption\":\"IFM\"},{\"@type\":\"BreadcrumbList\",\"@id\":\"https:\\\/\\\/www.esplac.cat\\\/congres-ifm-sei-2025\\\/#breadcrumb\",\"itemListElement\":[{\"@type\":\"ListItem\",\"position\":1,\"name\":\"Inici\",\"item\":\"https:\\\/\\\/www.esplac.cat\\\/es\\\/\"},{\"@type\":\"ListItem\",\"position\":2,\"name\":\"Descobreix tot el que va passar a l&#8217;\u00faltim congr\u00e9s de l\u2019IFM-SEI\"}]},{\"@type\":\"WebSite\",\"@id\":\"https:\\\/\\\/www.esplac.cat\\\/#website\",\"url\":\"https:\\\/\\\/www.esplac.cat\\\/\",\"name\":\"Esplac\",\"description\":\"Esplais Catalans\",\"publisher\":{\"@id\":\"https:\\\/\\\/www.esplac.cat\\\/#organization\"},\"potentialAction\":[{\"@type\":\"SearchAction\",\"target\":{\"@type\":\"EntryPoint\",\"urlTemplate\":\"https:\\\/\\\/www.esplac.cat\\\/?s={search_term_string}\"},\"query-input\":{\"@type\":\"PropertyValueSpecification\",\"valueRequired\":true,\"valueName\":\"search_term_string\"}}],\"inLanguage\":\"es\"},{\"@type\":\"Organization\",\"@id\":\"https:\\\/\\\/www.esplac.cat\\\/#organization\",\"name\":\"Esplac\",\"url\":\"https:\\\/\\\/www.esplac.cat\\\/\",\"logo\":{\"@type\":\"ImageObject\",\"inLanguage\":\"es\",\"@id\":\"https:\\\/\\\/www.esplac.cat\\\/#\\\/schema\\\/logo\\\/image\\\/\",\"url\":\"https:\\\/\\\/www.esplac.cat\\\/wp-content\\\/uploads\\\/2019\\\/08\\\/logox2.png\",\"contentUrl\":\"https:\\\/\\\/www.esplac.cat\\\/wp-content\\\/uploads\\\/2019\\\/08\\\/logox2.png\",\"width\":600,\"height\":295,\"caption\":\"Esplac\"},\"image\":{\"@id\":\"https:\\\/\\\/www.esplac.cat\\\/#\\\/schema\\\/logo\\\/image\\\/\"}},{\"@type\":\"Person\",\"@id\":\"https:\\\/\\\/www.esplac.cat\\\/#\\\/schema\\\/person\\\/908383cf240be18b68f8855d0583faca\",\"name\":\"Comunicaci\u00f3 Esplac\",\"image\":{\"@type\":\"ImageObject\",\"inLanguage\":\"es\",\"@id\":\"https:\\\/\\\/secure.gravatar.com\\\/avatar\\\/7a4cf8feb412a76ea4a740ca02d95b06b2907b5a6c648c2dd0a1082a093c3141?s=96&d=mm&r=g\",\"url\":\"https:\\\/\\\/secure.gravatar.com\\\/avatar\\\/7a4cf8feb412a76ea4a740ca02d95b06b2907b5a6c648c2dd0a1082a093c3141?s=96&d=mm&r=g\",\"contentUrl\":\"https:\\\/\\\/secure.gravatar.com\\\/avatar\\\/7a4cf8feb412a76ea4a740ca02d95b06b2907b5a6c648c2dd0a1082a093c3141?s=96&d=mm&r=g\",\"caption\":\"Comunicaci\u00f3 Esplac\"}}]}<\/script>\n<!-- \/ Yoast SEO plugin. -->","yoast_head_json":{"title":"Descobreix tot el que va passar a l'\u00faltim congr\u00e9s de l\u2019IFM-SEI - Esplac","description":"En aquesta trobada es van celebrar eleccions, es van aprovar canvis en la constituci\u00f3 i es va parlar sobre la continuaci\u00f3 d\u2019algunes organitzacions.","robots":{"index":"index","follow":"follow","max-snippet":"max-snippet:-1","max-image-preview":"max-image-preview:large","max-video-preview":"max-video-preview:-1"},"canonical":"https:\/\/www.esplac.cat\/congres-ifm-sei-2025\/","og_locale":"es_ES","og_type":"article","og_title":"Descobreix tot el que va passar a l'\u00faltim congr\u00e9s de l\u2019IFM-SEI - Esplac","og_description":"En aquesta trobada es van celebrar eleccions, es van aprovar canvis en la constituci\u00f3 i es va parlar sobre la continuaci\u00f3 d\u2019algunes organitzacions.","og_url":"https:\/\/www.esplac.cat\/congres-ifm-sei-2025\/","og_site_name":"Esplac","article_published_time":"2025-10-28T08:30:09+00:00","article_modified_time":"2025-10-29T10:32:08+00:00","og_image":[{"width":2560,"height":1056,"url":"https:\/\/www.esplac.cat\/wp-content\/uploads\/2025\/10\/Congres_IFM-scaled.jpg","type":"image\/jpeg"}],"author":"Comunicaci\u00f3 Esplac","twitter_card":"summary_large_image","twitter_misc":{"Escrito por":"Comunicaci\u00f3 Esplac","Tiempo de lectura":"3 minutos"},"schema":{"@context":"https:\/\/schema.org","@graph":[{"@type":"Article","@id":"https:\/\/www.esplac.cat\/congres-ifm-sei-2025\/#article","isPartOf":{"@id":"https:\/\/www.esplac.cat\/congres-ifm-sei-2025\/"},"author":{"name":"Comunicaci\u00f3 Esplac","@id":"https:\/\/www.esplac.cat\/#\/schema\/person\/908383cf240be18b68f8855d0583faca"},"headline":"Descobreix tot el que va passar a l&#8217;\u00faltim congr\u00e9s de l\u2019IFM-SEI","datePublished":"2025-10-28T08:30:09+00:00","dateModified":"2025-10-29T10:32:08+00:00","mainEntityOfPage":{"@id":"https:\/\/www.esplac.cat\/congres-ifm-sei-2025\/"},"wordCount":2709,"publisher":{"@id":"https:\/\/www.esplac.cat\/#organization"},"image":{"@id":"https:\/\/www.esplac.cat\/congres-ifm-sei-2025\/#primaryimage"},"thumbnailUrl":"https:\/\/www.esplac.cat\/wp-content\/uploads\/2025\/10\/Congres_IFM-scaled.jpg","articleSection":["Creuant mirades"],"inLanguage":"es"},{"@type":"WebPage","@id":"https:\/\/www.esplac.cat\/congres-ifm-sei-2025\/","url":"https:\/\/www.esplac.cat\/congres-ifm-sei-2025\/","name":"Descobreix tot el que va passar a l'\u00faltim congr\u00e9s de l\u2019IFM-SEI - Esplac","isPartOf":{"@id":"https:\/\/www.esplac.cat\/#website"},"primaryImageOfPage":{"@id":"https:\/\/www.esplac.cat\/congres-ifm-sei-2025\/#primaryimage"},"image":{"@id":"https:\/\/www.esplac.cat\/congres-ifm-sei-2025\/#primaryimage"},"thumbnailUrl":"https:\/\/www.esplac.cat\/wp-content\/uploads\/2025\/10\/Congres_IFM-scaled.jpg","datePublished":"2025-10-28T08:30:09+00:00","dateModified":"2025-10-29T10:32:08+00:00","description":"En aquesta trobada es van celebrar eleccions, es van aprovar canvis en la constituci\u00f3 i es va parlar sobre la continuaci\u00f3 d\u2019algunes organitzacions.","breadcrumb":{"@id":"https:\/\/www.esplac.cat\/congres-ifm-sei-2025\/#breadcrumb"},"inLanguage":"es","potentialAction":[{"@type":"ReadAction","target":["https:\/\/www.esplac.cat\/congres-ifm-sei-2025\/"]}]},{"@type":"ImageObject","inLanguage":"es","@id":"https:\/\/www.esplac.cat\/congres-ifm-sei-2025\/#primaryimage","url":"https:\/\/www.esplac.cat\/wp-content\/uploads\/2025\/10\/Congres_IFM-scaled.jpg","contentUrl":"https:\/\/www.esplac.cat\/wp-content\/uploads\/2025\/10\/Congres_IFM-scaled.jpg","width":2560,"height":1056,"caption":"IFM"},{"@type":"BreadcrumbList","@id":"https:\/\/www.esplac.cat\/congres-ifm-sei-2025\/#breadcrumb","itemListElement":[{"@type":"ListItem","position":1,"name":"Inici","item":"https:\/\/www.esplac.cat\/es\/"},{"@type":"ListItem","position":2,"name":"Descobreix tot el que va passar a l&#8217;\u00faltim congr\u00e9s de l\u2019IFM-SEI"}]},{"@type":"WebSite","@id":"https:\/\/www.esplac.cat\/#website","url":"https:\/\/www.esplac.cat\/","name":"Esplac","description":"Esplais Catalans","publisher":{"@id":"https:\/\/www.esplac.cat\/#organization"},"potentialAction":[{"@type":"SearchAction","target":{"@type":"EntryPoint","urlTemplate":"https:\/\/www.esplac.cat\/?s={search_term_string}"},"query-input":{"@type":"PropertyValueSpecification","valueRequired":true,"valueName":"search_term_string"}}],"inLanguage":"es"},{"@type":"Organization","@id":"https:\/\/www.esplac.cat\/#organization","name":"Esplac","url":"https:\/\/www.esplac.cat\/","logo":{"@type":"ImageObject","inLanguage":"es","@id":"https:\/\/www.esplac.cat\/#\/schema\/logo\/image\/","url":"https:\/\/www.esplac.cat\/wp-content\/uploads\/2019\/08\/logox2.png","contentUrl":"https:\/\/www.esplac.cat\/wp-content\/uploads\/2019\/08\/logox2.png","width":600,"height":295,"caption":"Esplac"},"image":{"@id":"https:\/\/www.esplac.cat\/#\/schema\/logo\/image\/"}},{"@type":"Person","@id":"https:\/\/www.esplac.cat\/#\/schema\/person\/908383cf240be18b68f8855d0583faca","name":"Comunicaci\u00f3 Esplac","image":{"@type":"ImageObject","inLanguage":"es","@id":"https:\/\/secure.gravatar.com\/avatar\/7a4cf8feb412a76ea4a740ca02d95b06b2907b5a6c648c2dd0a1082a093c3141?s=96&d=mm&r=g","url":"https:\/\/secure.gravatar.com\/avatar\/7a4cf8feb412a76ea4a740ca02d95b06b2907b5a6c648c2dd0a1082a093c3141?s=96&d=mm&r=g","contentUrl":"https:\/\/secure.gravatar.com\/avatar\/7a4cf8feb412a76ea4a740ca02d95b06b2907b5a6c648c2dd0a1082a093c3141?s=96&d=mm&r=g","caption":"Comunicaci\u00f3 Esplac"}}]}},"_links":{"self":[{"href":"https:\/\/www.esplac.cat\/es\/wp-json\/wp\/v2\/posts\/54299","targetHints":{"allow":["GET"]}}],"collection":[{"href":"https:\/\/www.esplac.cat\/es\/wp-json\/wp\/v2\/posts"}],"about":[{"href":"https:\/\/www.esplac.cat\/es\/wp-json\/wp\/v2\/types\/post"}],"author":[{"embeddable":true,"href":"https:\/\/www.esplac.cat\/es\/wp-json\/wp\/v2\/users\/3"}],"replies":[{"embeddable":true,"href":"https:\/\/www.esplac.cat\/es\/wp-json\/wp\/v2\/comments?post=54299"}],"version-history":[{"count":5,"href":"https:\/\/www.esplac.cat\/es\/wp-json\/wp\/v2\/posts\/54299\/revisions"}],"predecessor-version":[{"id":54307,"href":"https:\/\/www.esplac.cat\/es\/wp-json\/wp\/v2\/posts\/54299\/revisions\/54307"}],"wp:featuredmedia":[{"embeddable":true,"href":"https:\/\/www.esplac.cat\/es\/wp-json\/wp\/v2\/media\/54300"}],"wp:attachment":[{"href":"https:\/\/www.esplac.cat\/es\/wp-json\/wp\/v2\/media?parent=54299"}],"wp:term":[{"taxonomy":"category","embeddable":true,"href":"https:\/\/www.esplac.cat\/es\/wp-json\/wp\/v2\/categories?post=54299"},{"taxonomy":"post_tag","embeddable":true,"href":"https:\/\/www.esplac.cat\/es\/wp-json\/wp\/v2\/tags?post=54299"}],"curies":[{"name":"wp","href":"https:\/\/api.w.org\/{rel}","templated":true}]}}