{"id":54382,"date":"2025-11-05T11:26:58","date_gmt":"2025-11-05T09:26:58","guid":{"rendered":"https:\/\/www.esplac.cat\/?p=54382"},"modified":"2025-11-05T11:37:07","modified_gmt":"2025-11-05T09:37:07","slug":"tardes-lleure-antiracisme-laicitat-critica-diversitat-religiosa","status":"publish","type":"post","link":"https:\/\/www.esplac.cat\/es\/tardes-lleure-antiracisme-laicitat-critica-diversitat-religiosa\/","title":{"rendered":"Tardes de Lleure i Antiracisme: parlem sobre la\u00efcitat cr\u00edtica i diversitat religiosa"},"content":{"rendered":"<div class=\"fusion-fullwidth fullwidth-box fusion-builder-row-1 fusion-flex-container has-pattern-background has-mask-background nonhundred-percent-fullwidth non-hundred-percent-height-scrolling\" style=\"--awb-border-radius-top-left:0px;--awb-border-radius-top-right:0px;--awb-border-radius-bottom-right:0px;--awb-border-radius-bottom-left:0px;--awb-flex-wrap:wrap;\" ><div class=\"fusion-builder-row fusion-row fusion-flex-align-items-flex-start fusion-flex-content-wrap\" style=\"max-width:1248px;margin-left: calc(-4% \/ 2 );margin-right: calc(-4% \/ 2 );\"><div class=\"fusion-layout-column fusion_builder_column fusion-builder-column-0 fusion_builder_column_1_1 1_1 fusion-flex-column\" style=\"--awb-bg-size:cover;--awb-width-large:100%;--awb-margin-top-large:0px;--awb-spacing-right-large:1.92%;--awb-margin-bottom-large:20px;--awb-spacing-left-large:1.92%;--awb-width-medium:100%;--awb-order-medium:0;--awb-spacing-right-medium:1.92%;--awb-spacing-left-medium:1.92%;--awb-width-small:100%;--awb-order-small:0;--awb-spacing-right-small:1.92%;--awb-spacing-left-small:1.92%;\"><div class=\"fusion-column-wrapper fusion-column-has-shadow fusion-flex-justify-content-flex-start fusion-content-layout-column\"><div class=\"fusion-text fusion-text-1\"><h6><strong>Els dies 27, 28 i 29 d\u2019octubre hem celebrat la tercera edici\u00f3 de les Tardes de Lleure i Antiracisme, un cicle de tallers sobre els reptes de l\u2019educaci\u00f3 inclusiva entorn la la\u00efcitat i la islamof\u00f2bia. <\/strong><\/h6>\n<p>Les <span style=\"color: #f69d0b;\"><a style=\"color: #f69d0b;\" href=\"https:\/\/www.esplac.cat\/formacions\/tardes-lleure-i-antiracisme\/\" target=\"_blank\" rel=\"noopener\"><strong>Tardes de Lleure i Antiracisme<\/strong><\/a> <\/span>s\u00f3n un cicle de tallers que organitzem conjuntament amb l\u2019<span style=\"color: #f69d0b;\"><a style=\"color: #f69d0b;\" href=\"https:\/\/escolaelsol.coop\/\" target=\"_blank\" rel=\"noopener\"><strong>Escola Lliure el Sol<\/strong><\/a><\/span> i la <span style=\"color: #f69d0b;\"><a style=\"color: #f69d0b;\" href=\"https:\/\/www.ferrerguardia.org\/ca_ES\" target=\"_blank\" rel=\"noopener\"><strong>Fundaci\u00f3 Ferrer i Gu\u00e0rdia<\/strong><\/a><\/span>. Sota el t\u00edtol <em><strong>La\u00efcitat cr\u00edtica i diversitat religiosa: Estrat\u00e8gies per una educaci\u00f3 inclusiva<\/strong><\/em>, les jornades d\u2019enguany han posat al centre la relaci\u00f3 entre la\u00efcitat, diversitat de creences i conviv\u00e8ncia en l\u2019\u00e0mbit del lleure educatiu. Mantenint la l\u00ednia d\u2019anys anteriors, la tercera edici\u00f3 de les Tardes de Lleure i Antiracisme ha apostat pel <strong>treball en xarxa<\/strong> amb persones i col\u00b7lectius migrants i racialitzats no blancs.<\/p>\n<p>El taller del dilluns 27 d\u2019octubre l\u2019ha impartit la <a href=\"https:\/\/nadiaghulam.com\/ca\/inici\/\" target=\"_blank\" rel=\"noopener\"><strong><span style=\"color: #f69d0b;\">Nadia Gulham<\/span><\/strong><\/a>, activista i escriptora. Sota el t\u00edtol <strong><em>Els l\u00edmits de la interculturalitat: relats que obren mons<\/em><\/strong>, l\u2019activitat proposava explorar els l\u00edmits i reptes de la interculturalitat a trav\u00e9s de contes, proverbis i din\u00e0miques participatives. Des d\u2019una perspectiva laica, la din\u00e0mica ha convidat les participants a trencar i q\u00fcestionar mites i prejudicis.<\/p>\n<p>El dimarts 28 ha tingut lloc el taller <em><strong>La la\u00efcitat als esplais: d&#8217;on partim i reptes actuals<\/strong><\/em>, a c\u00e0rrec de Joffre Villanueva, vicepresident de la Fundaci\u00f3 Ferrer i Gu\u00e0rdia i exdirigent d\u2019Esplais Catalans. En aquest espai formatiu s\u2019ha aprofundit en perqu\u00e8 treballem la la\u00efcitat des dels esplais, reflexionant sobre el seu origen hist\u00f2ric, el seu sentit actual, i s\u2019ha remarcat la import\u00e0ncia d\u2019un <strong>enfocament cr\u00edtic que garanteixi espais inclusius<\/strong>, oberts a totes les opcions de consci\u00e8ncia.<\/p>\n<p>Finalment, el dijous 27 ha tingut lloc el taller <em><strong>Viol\u00e8ncies contra la diversitat religiosa: l\u2019auge de la islamof\u00f2bia<\/strong><\/em> a c\u00e0rrec del col\u00b7lectiu <span style=\"color: #f69d0b;\"><a style=\"color: #f69d0b;\" href=\"https:\/\/miradarumiant.com\/\" target=\"_blank\" rel=\"noopener\"><strong>Mirada Rumiant<\/strong><\/a><\/span>. En aquest espai, les assistents han pogut reflexionar sobre l\u2019impacte d\u2019aquesta viol\u00e8ncia en la nostra societat. Alhora, tamb\u00e9 s\u2019ha reflexionat sobre la necessitat que els esplais treballin per a ser m\u00e9s inclusius, amb un discurs i una pr\u00e0ctica veritablement antiracista. En aquest sentit, s\u2019ha posat molt \u00e8mfasi en la <strong>import\u00e0ncia d\u2019actuar de cara als barris i pobles<\/strong>, m\u00e9s enll\u00e0 de nom\u00e9s reflexionar dins les pr\u00f2pies entitats.<\/p>\n<p>Per tercer any consecutiu, les Tardes de Lleure i Antiracisme han sigut un espai formatiu molt enriquidor que reivindica la import\u00e0ncia de la inclusi\u00f3 i la diversitat en el lleure educatiu, des d\u2019una \u00f2ptica laica centrada en l\u2019antiracisme.<\/p>\n<\/div><\/div><\/div><\/div><\/div>\n","protected":false},"excerpt":{"rendered":"","protected":false},"author":3,"featured_media":54383,"comment_status":"closed","ping_status":"closed","sticky":false,"template":"","format":"standard","meta":{"om_disable_all_campaigns":false,"_monsterinsights_skip_tracking":false,"_monsterinsights_sitenote_active":false,"_monsterinsights_sitenote_note":"","_monsterinsights_sitenote_category":0,"_uf_show_specific_survey":0,"_uf_disable_surveys":false,"footnotes":""},"categories":[1111,1131,1330],"tags":[],"class_list":["post-54382","post","type-post","status-publish","format-standard","has-post-thumbnail","hentry","category-activitats-esplac","category-cursos-formacions","category-jornades-interculturalitat"],"yoast_head":"<!-- This site is optimized with the Yoast SEO plugin v27.4 - https:\/\/yoast.com\/product\/yoast-seo-wordpress\/ -->\n<title>Tardes de Lleure i Antiracisme: la\u00efcitat cr\u00edtica i diversitat religiosa<\/title>\n<meta name=\"description\" content=\"La tercera edici\u00f3 de les Tardes de Lleure i Antiracisme aborda els reptes de l\u2019educaci\u00f3 inclusiva entorn la la\u00efcitat i la islamof\u00f2bia.\" \/>\n<meta name=\"robots\" content=\"index, follow, max-snippet:-1, max-image-preview:large, max-video-preview:-1\" \/>\n<link rel=\"canonical\" href=\"https:\/\/www.esplac.cat\/tardes-lleure-antiracisme-laicitat-critica-diversitat-religiosa\/\" \/>\n<meta property=\"og:locale\" content=\"es_ES\" \/>\n<meta property=\"og:type\" content=\"article\" \/>\n<meta property=\"og:title\" content=\"Tardes de Lleure i Antiracisme: la\u00efcitat cr\u00edtica i diversitat religiosa\" \/>\n<meta property=\"og:description\" content=\"La tercera edici\u00f3 de les Tardes de Lleure i Antiracisme aborda els reptes de l\u2019educaci\u00f3 inclusiva entorn la la\u00efcitat i la islamof\u00f2bia.\" \/>\n<meta property=\"og:url\" content=\"https:\/\/www.esplac.cat\/tardes-lleure-antiracisme-laicitat-critica-diversitat-religiosa\/\" \/>\n<meta property=\"og:site_name\" content=\"Esplac\" \/>\n<meta property=\"article:published_time\" content=\"2025-11-05T09:26:58+00:00\" \/>\n<meta property=\"article:modified_time\" content=\"2025-11-05T09:37:07+00:00\" \/>\n<meta property=\"og:image\" content=\"https:\/\/www.esplac.cat\/wp-content\/uploads\/2025\/11\/TLLiF.jpg\" \/>\n\t<meta property=\"og:image:width\" content=\"2333\" \/>\n\t<meta property=\"og:image:height\" content=\"963\" \/>\n\t<meta property=\"og:image:type\" content=\"image\/jpeg\" \/>\n<meta name=\"author\" content=\"Comunicaci\u00f3 Esplac\" \/>\n<meta name=\"twitter:card\" content=\"summary_large_image\" \/>\n<meta name=\"twitter:label1\" content=\"Escrito por\" \/>\n\t<meta name=\"twitter:data1\" content=\"Comunicaci\u00f3 Esplac\" \/>\n\t<meta name=\"twitter:label2\" content=\"Tiempo de lectura\" \/>\n\t<meta name=\"twitter:data2\" content=\"3 minutos\" \/>\n<script type=\"application\/ld+json\" class=\"yoast-schema-graph\">{\"@context\":\"https:\\\/\\\/schema.org\",\"@graph\":[{\"@type\":\"Article\",\"@id\":\"https:\\\/\\\/www.esplac.cat\\\/tardes-lleure-antiracisme-laicitat-critica-diversitat-religiosa\\\/#article\",\"isPartOf\":{\"@id\":\"https:\\\/\\\/www.esplac.cat\\\/tardes-lleure-antiracisme-laicitat-critica-diversitat-religiosa\\\/\"},\"author\":{\"name\":\"Comunicaci\u00f3 Esplac\",\"@id\":\"https:\\\/\\\/www.esplac.cat\\\/#\\\/schema\\\/person\\\/908383cf240be18b68f8855d0583faca\"},\"headline\":\"Tardes de Lleure i Antiracisme: parlem sobre la\u00efcitat cr\u00edtica i diversitat religiosa\",\"datePublished\":\"2025-11-05T09:26:58+00:00\",\"dateModified\":\"2025-11-05T09:37:07+00:00\",\"mainEntityOfPage\":{\"@id\":\"https:\\\/\\\/www.esplac.cat\\\/tardes-lleure-antiracisme-laicitat-critica-diversitat-religiosa\\\/\"},\"wordCount\":1416,\"publisher\":{\"@id\":\"https:\\\/\\\/www.esplac.cat\\\/#organization\"},\"image\":{\"@id\":\"https:\\\/\\\/www.esplac.cat\\\/tardes-lleure-antiracisme-laicitat-critica-diversitat-religiosa\\\/#primaryimage\"},\"thumbnailUrl\":\"https:\\\/\\\/www.esplac.cat\\\/wp-content\\\/uploads\\\/2025\\\/11\\\/TLLiF.jpg\",\"articleSection\":[\"Activitats esplac\",\"Cursos i formacions\",\"Jornades Interculturalitat\"],\"inLanguage\":\"es\"},{\"@type\":\"WebPage\",\"@id\":\"https:\\\/\\\/www.esplac.cat\\\/tardes-lleure-antiracisme-laicitat-critica-diversitat-religiosa\\\/\",\"url\":\"https:\\\/\\\/www.esplac.cat\\\/tardes-lleure-antiracisme-laicitat-critica-diversitat-religiosa\\\/\",\"name\":\"Tardes de Lleure i Antiracisme: la\u00efcitat cr\u00edtica i diversitat religiosa\",\"isPartOf\":{\"@id\":\"https:\\\/\\\/www.esplac.cat\\\/#website\"},\"primaryImageOfPage\":{\"@id\":\"https:\\\/\\\/www.esplac.cat\\\/tardes-lleure-antiracisme-laicitat-critica-diversitat-religiosa\\\/#primaryimage\"},\"image\":{\"@id\":\"https:\\\/\\\/www.esplac.cat\\\/tardes-lleure-antiracisme-laicitat-critica-diversitat-religiosa\\\/#primaryimage\"},\"thumbnailUrl\":\"https:\\\/\\\/www.esplac.cat\\\/wp-content\\\/uploads\\\/2025\\\/11\\\/TLLiF.jpg\",\"datePublished\":\"2025-11-05T09:26:58+00:00\",\"dateModified\":\"2025-11-05T09:37:07+00:00\",\"description\":\"La tercera edici\u00f3 de les Tardes de Lleure i Antiracisme aborda els reptes de l\u2019educaci\u00f3 inclusiva entorn la la\u00efcitat i la islamof\u00f2bia.\",\"breadcrumb\":{\"@id\":\"https:\\\/\\\/www.esplac.cat\\\/tardes-lleure-antiracisme-laicitat-critica-diversitat-religiosa\\\/#breadcrumb\"},\"inLanguage\":\"es\",\"potentialAction\":[{\"@type\":\"ReadAction\",\"target\":[\"https:\\\/\\\/www.esplac.cat\\\/tardes-lleure-antiracisme-laicitat-critica-diversitat-religiosa\\\/\"]}]},{\"@type\":\"ImageObject\",\"inLanguage\":\"es\",\"@id\":\"https:\\\/\\\/www.esplac.cat\\\/tardes-lleure-antiracisme-laicitat-critica-diversitat-religiosa\\\/#primaryimage\",\"url\":\"https:\\\/\\\/www.esplac.cat\\\/wp-content\\\/uploads\\\/2025\\\/11\\\/TLLiF.jpg\",\"contentUrl\":\"https:\\\/\\\/www.esplac.cat\\\/wp-content\\\/uploads\\\/2025\\\/11\\\/TLLiF.jpg\",\"width\":2333,\"height\":963,\"caption\":\"Tardes de Lleure i antircaisme\"},{\"@type\":\"BreadcrumbList\",\"@id\":\"https:\\\/\\\/www.esplac.cat\\\/tardes-lleure-antiracisme-laicitat-critica-diversitat-religiosa\\\/#breadcrumb\",\"itemListElement\":[{\"@type\":\"ListItem\",\"position\":1,\"name\":\"Inici\",\"item\":\"https:\\\/\\\/www.esplac.cat\\\/es\\\/\"},{\"@type\":\"ListItem\",\"position\":2,\"name\":\"Tardes de Lleure i Antiracisme: parlem sobre la\u00efcitat cr\u00edtica i diversitat religiosa\"}]},{\"@type\":\"WebSite\",\"@id\":\"https:\\\/\\\/www.esplac.cat\\\/#website\",\"url\":\"https:\\\/\\\/www.esplac.cat\\\/\",\"name\":\"Esplac\",\"description\":\"Esplais Catalans\",\"publisher\":{\"@id\":\"https:\\\/\\\/www.esplac.cat\\\/#organization\"},\"potentialAction\":[{\"@type\":\"SearchAction\",\"target\":{\"@type\":\"EntryPoint\",\"urlTemplate\":\"https:\\\/\\\/www.esplac.cat\\\/?s={search_term_string}\"},\"query-input\":{\"@type\":\"PropertyValueSpecification\",\"valueRequired\":true,\"valueName\":\"search_term_string\"}}],\"inLanguage\":\"es\"},{\"@type\":\"Organization\",\"@id\":\"https:\\\/\\\/www.esplac.cat\\\/#organization\",\"name\":\"Esplac\",\"url\":\"https:\\\/\\\/www.esplac.cat\\\/\",\"logo\":{\"@type\":\"ImageObject\",\"inLanguage\":\"es\",\"@id\":\"https:\\\/\\\/www.esplac.cat\\\/#\\\/schema\\\/logo\\\/image\\\/\",\"url\":\"https:\\\/\\\/www.esplac.cat\\\/wp-content\\\/uploads\\\/2019\\\/08\\\/logox2.png\",\"contentUrl\":\"https:\\\/\\\/www.esplac.cat\\\/wp-content\\\/uploads\\\/2019\\\/08\\\/logox2.png\",\"width\":600,\"height\":295,\"caption\":\"Esplac\"},\"image\":{\"@id\":\"https:\\\/\\\/www.esplac.cat\\\/#\\\/schema\\\/logo\\\/image\\\/\"}},{\"@type\":\"Person\",\"@id\":\"https:\\\/\\\/www.esplac.cat\\\/#\\\/schema\\\/person\\\/908383cf240be18b68f8855d0583faca\",\"name\":\"Comunicaci\u00f3 Esplac\",\"image\":{\"@type\":\"ImageObject\",\"inLanguage\":\"es\",\"@id\":\"https:\\\/\\\/secure.gravatar.com\\\/avatar\\\/7a4cf8feb412a76ea4a740ca02d95b06b2907b5a6c648c2dd0a1082a093c3141?s=96&d=mm&r=g\",\"url\":\"https:\\\/\\\/secure.gravatar.com\\\/avatar\\\/7a4cf8feb412a76ea4a740ca02d95b06b2907b5a6c648c2dd0a1082a093c3141?s=96&d=mm&r=g\",\"contentUrl\":\"https:\\\/\\\/secure.gravatar.com\\\/avatar\\\/7a4cf8feb412a76ea4a740ca02d95b06b2907b5a6c648c2dd0a1082a093c3141?s=96&d=mm&r=g\",\"caption\":\"Comunicaci\u00f3 Esplac\"}}]}<\/script>\n<!-- \/ Yoast SEO plugin. -->","yoast_head_json":{"title":"Tardes de Lleure i Antiracisme: la\u00efcitat cr\u00edtica i diversitat religiosa","description":"La tercera edici\u00f3 de les Tardes de Lleure i Antiracisme aborda els reptes de l\u2019educaci\u00f3 inclusiva entorn la la\u00efcitat i la islamof\u00f2bia.","robots":{"index":"index","follow":"follow","max-snippet":"max-snippet:-1","max-image-preview":"max-image-preview:large","max-video-preview":"max-video-preview:-1"},"canonical":"https:\/\/www.esplac.cat\/tardes-lleure-antiracisme-laicitat-critica-diversitat-religiosa\/","og_locale":"es_ES","og_type":"article","og_title":"Tardes de Lleure i Antiracisme: la\u00efcitat cr\u00edtica i diversitat religiosa","og_description":"La tercera edici\u00f3 de les Tardes de Lleure i Antiracisme aborda els reptes de l\u2019educaci\u00f3 inclusiva entorn la la\u00efcitat i la islamof\u00f2bia.","og_url":"https:\/\/www.esplac.cat\/tardes-lleure-antiracisme-laicitat-critica-diversitat-religiosa\/","og_site_name":"Esplac","article_published_time":"2025-11-05T09:26:58+00:00","article_modified_time":"2025-11-05T09:37:07+00:00","og_image":[{"width":2333,"height":963,"url":"https:\/\/www.esplac.cat\/wp-content\/uploads\/2025\/11\/TLLiF.jpg","type":"image\/jpeg"}],"author":"Comunicaci\u00f3 Esplac","twitter_card":"summary_large_image","twitter_misc":{"Escrito por":"Comunicaci\u00f3 Esplac","Tiempo de lectura":"3 minutos"},"schema":{"@context":"https:\/\/schema.org","@graph":[{"@type":"Article","@id":"https:\/\/www.esplac.cat\/tardes-lleure-antiracisme-laicitat-critica-diversitat-religiosa\/#article","isPartOf":{"@id":"https:\/\/www.esplac.cat\/tardes-lleure-antiracisme-laicitat-critica-diversitat-religiosa\/"},"author":{"name":"Comunicaci\u00f3 Esplac","@id":"https:\/\/www.esplac.cat\/#\/schema\/person\/908383cf240be18b68f8855d0583faca"},"headline":"Tardes de Lleure i Antiracisme: parlem sobre la\u00efcitat cr\u00edtica i diversitat religiosa","datePublished":"2025-11-05T09:26:58+00:00","dateModified":"2025-11-05T09:37:07+00:00","mainEntityOfPage":{"@id":"https:\/\/www.esplac.cat\/tardes-lleure-antiracisme-laicitat-critica-diversitat-religiosa\/"},"wordCount":1416,"publisher":{"@id":"https:\/\/www.esplac.cat\/#organization"},"image":{"@id":"https:\/\/www.esplac.cat\/tardes-lleure-antiracisme-laicitat-critica-diversitat-religiosa\/#primaryimage"},"thumbnailUrl":"https:\/\/www.esplac.cat\/wp-content\/uploads\/2025\/11\/TLLiF.jpg","articleSection":["Activitats esplac","Cursos i formacions","Jornades Interculturalitat"],"inLanguage":"es"},{"@type":"WebPage","@id":"https:\/\/www.esplac.cat\/tardes-lleure-antiracisme-laicitat-critica-diversitat-religiosa\/","url":"https:\/\/www.esplac.cat\/tardes-lleure-antiracisme-laicitat-critica-diversitat-religiosa\/","name":"Tardes de Lleure i Antiracisme: la\u00efcitat cr\u00edtica i diversitat religiosa","isPartOf":{"@id":"https:\/\/www.esplac.cat\/#website"},"primaryImageOfPage":{"@id":"https:\/\/www.esplac.cat\/tardes-lleure-antiracisme-laicitat-critica-diversitat-religiosa\/#primaryimage"},"image":{"@id":"https:\/\/www.esplac.cat\/tardes-lleure-antiracisme-laicitat-critica-diversitat-religiosa\/#primaryimage"},"thumbnailUrl":"https:\/\/www.esplac.cat\/wp-content\/uploads\/2025\/11\/TLLiF.jpg","datePublished":"2025-11-05T09:26:58+00:00","dateModified":"2025-11-05T09:37:07+00:00","description":"La tercera edici\u00f3 de les Tardes de Lleure i Antiracisme aborda els reptes de l\u2019educaci\u00f3 inclusiva entorn la la\u00efcitat i la islamof\u00f2bia.","breadcrumb":{"@id":"https:\/\/www.esplac.cat\/tardes-lleure-antiracisme-laicitat-critica-diversitat-religiosa\/#breadcrumb"},"inLanguage":"es","potentialAction":[{"@type":"ReadAction","target":["https:\/\/www.esplac.cat\/tardes-lleure-antiracisme-laicitat-critica-diversitat-religiosa\/"]}]},{"@type":"ImageObject","inLanguage":"es","@id":"https:\/\/www.esplac.cat\/tardes-lleure-antiracisme-laicitat-critica-diversitat-religiosa\/#primaryimage","url":"https:\/\/www.esplac.cat\/wp-content\/uploads\/2025\/11\/TLLiF.jpg","contentUrl":"https:\/\/www.esplac.cat\/wp-content\/uploads\/2025\/11\/TLLiF.jpg","width":2333,"height":963,"caption":"Tardes de Lleure i antircaisme"},{"@type":"BreadcrumbList","@id":"https:\/\/www.esplac.cat\/tardes-lleure-antiracisme-laicitat-critica-diversitat-religiosa\/#breadcrumb","itemListElement":[{"@type":"ListItem","position":1,"name":"Inici","item":"https:\/\/www.esplac.cat\/es\/"},{"@type":"ListItem","position":2,"name":"Tardes de Lleure i Antiracisme: parlem sobre la\u00efcitat cr\u00edtica i diversitat religiosa"}]},{"@type":"WebSite","@id":"https:\/\/www.esplac.cat\/#website","url":"https:\/\/www.esplac.cat\/","name":"Esplac","description":"Esplais Catalans","publisher":{"@id":"https:\/\/www.esplac.cat\/#organization"},"potentialAction":[{"@type":"SearchAction","target":{"@type":"EntryPoint","urlTemplate":"https:\/\/www.esplac.cat\/?s={search_term_string}"},"query-input":{"@type":"PropertyValueSpecification","valueRequired":true,"valueName":"search_term_string"}}],"inLanguage":"es"},{"@type":"Organization","@id":"https:\/\/www.esplac.cat\/#organization","name":"Esplac","url":"https:\/\/www.esplac.cat\/","logo":{"@type":"ImageObject","inLanguage":"es","@id":"https:\/\/www.esplac.cat\/#\/schema\/logo\/image\/","url":"https:\/\/www.esplac.cat\/wp-content\/uploads\/2019\/08\/logox2.png","contentUrl":"https:\/\/www.esplac.cat\/wp-content\/uploads\/2019\/08\/logox2.png","width":600,"height":295,"caption":"Esplac"},"image":{"@id":"https:\/\/www.esplac.cat\/#\/schema\/logo\/image\/"}},{"@type":"Person","@id":"https:\/\/www.esplac.cat\/#\/schema\/person\/908383cf240be18b68f8855d0583faca","name":"Comunicaci\u00f3 Esplac","image":{"@type":"ImageObject","inLanguage":"es","@id":"https:\/\/secure.gravatar.com\/avatar\/7a4cf8feb412a76ea4a740ca02d95b06b2907b5a6c648c2dd0a1082a093c3141?s=96&d=mm&r=g","url":"https:\/\/secure.gravatar.com\/avatar\/7a4cf8feb412a76ea4a740ca02d95b06b2907b5a6c648c2dd0a1082a093c3141?s=96&d=mm&r=g","contentUrl":"https:\/\/secure.gravatar.com\/avatar\/7a4cf8feb412a76ea4a740ca02d95b06b2907b5a6c648c2dd0a1082a093c3141?s=96&d=mm&r=g","caption":"Comunicaci\u00f3 Esplac"}}]}},"_links":{"self":[{"href":"https:\/\/www.esplac.cat\/es\/wp-json\/wp\/v2\/posts\/54382","targetHints":{"allow":["GET"]}}],"collection":[{"href":"https:\/\/www.esplac.cat\/es\/wp-json\/wp\/v2\/posts"}],"about":[{"href":"https:\/\/www.esplac.cat\/es\/wp-json\/wp\/v2\/types\/post"}],"author":[{"embeddable":true,"href":"https:\/\/www.esplac.cat\/es\/wp-json\/wp\/v2\/users\/3"}],"replies":[{"embeddable":true,"href":"https:\/\/www.esplac.cat\/es\/wp-json\/wp\/v2\/comments?post=54382"}],"version-history":[{"count":2,"href":"https:\/\/www.esplac.cat\/es\/wp-json\/wp\/v2\/posts\/54382\/revisions"}],"predecessor-version":[{"id":54387,"href":"https:\/\/www.esplac.cat\/es\/wp-json\/wp\/v2\/posts\/54382\/revisions\/54387"}],"wp:featuredmedia":[{"embeddable":true,"href":"https:\/\/www.esplac.cat\/es\/wp-json\/wp\/v2\/media\/54383"}],"wp:attachment":[{"href":"https:\/\/www.esplac.cat\/es\/wp-json\/wp\/v2\/media?parent=54382"}],"wp:term":[{"taxonomy":"category","embeddable":true,"href":"https:\/\/www.esplac.cat\/es\/wp-json\/wp\/v2\/categories?post=54382"},{"taxonomy":"post_tag","embeddable":true,"href":"https:\/\/www.esplac.cat\/es\/wp-json\/wp\/v2\/tags?post=54382"}],"curies":[{"name":"wp","href":"https:\/\/api.w.org\/{rel}","templated":true}]}}