{"id":54465,"date":"2025-11-14T10:54:20","date_gmt":"2025-11-14T08:54:20","guid":{"rendered":"https:\/\/www.esplac.cat\/?p=54465"},"modified":"2025-11-14T11:05:31","modified_gmt":"2025-11-14T09:05:31","slug":"fem-click-quinzena-edicio-jornades-lleure-feminismes","status":"publish","type":"post","link":"https:\/\/www.esplac.cat\/es\/fem-click-quinzena-edicio-jornades-lleure-feminismes\/","title":{"rendered":"Fem el click amb la quinzena edici\u00f3 de les Jornades de Lleure i Feminismes"},"content":{"rendered":"<div class=\"fusion-fullwidth fullwidth-box fusion-builder-row-1 fusion-flex-container has-pattern-background has-mask-background nonhundred-percent-fullwidth non-hundred-percent-height-scrolling\" style=\"--awb-border-radius-top-left:0px;--awb-border-radius-top-right:0px;--awb-border-radius-bottom-right:0px;--awb-border-radius-bottom-left:0px;--awb-flex-wrap:wrap;\" ><div class=\"fusion-builder-row fusion-row fusion-flex-align-items-flex-start fusion-flex-content-wrap\" style=\"max-width:1248px;margin-left: calc(-4% \/ 2 );margin-right: calc(-4% \/ 2 );\"><div class=\"fusion-layout-column fusion_builder_column fusion-builder-column-0 fusion_builder_column_1_1 1_1 fusion-flex-column\" style=\"--awb-bg-size:cover;--awb-width-large:100%;--awb-margin-top-large:0px;--awb-spacing-right-large:1.92%;--awb-margin-bottom-large:20px;--awb-spacing-left-large:1.92%;--awb-width-medium:100%;--awb-order-medium:0;--awb-spacing-right-medium:1.92%;--awb-spacing-left-medium:1.92%;--awb-width-small:100%;--awb-order-small:0;--awb-spacing-right-small:1.92%;--awb-spacing-left-small:1.92%;\"><div class=\"fusion-column-wrapper fusion-column-has-shadow fusion-flex-justify-content-flex-start fusion-content-layout-column\"><div class=\"fusion-text fusion-text-1\"><h6><strong>El diumenge 9 de novembre ha tingut lloc la XV edici\u00f3 de les Jornades de Lleure i Feminismes a l\u2019Ateneu l\u2019Harmonia.<\/strong><\/h6>\n<p>Sota el t\u00edtol <em><strong>Entre l\u2019algoritme i el carrer: lluites feministes en entorns digitals<\/strong> <\/em>la quinzena edici\u00f3 de les<span style=\"color: #f69d0b;\"><a style=\"color: #f69d0b;\" href=\"https:\/\/www.esplac.cat\/formacions\/jornades-lleure-feminsimes\/\" target=\"_blank\" rel=\"noopener\"><strong> Jornades de Lleure i Feminismes<\/strong><\/a><\/span> ha aprofundit en diversos debats sobre com les grans eines tecnol\u00f2giques que utilitzem en el nostre dia a dia han condicionat i condicionaran qualsevol lluita social.<\/p>\n<p>La pon\u00e8ncia inicial ha anat a c\u00e0rrec de <strong>Judit Membrives<\/strong>, amb el t\u00edtol <em><strong>Xarxes socials, algoritmes i IA: de qui s\u00f3n les eines digitals<\/strong><\/em>. La pon\u00e8ncia que ha donat el tret d\u2019inici a les jornades ha establert el marc sobre el qual reflexionar: la sobirania tecnol\u00f2gica actualment est\u00e0 en mans d\u2019una estructura h\u00edbrida p\u00fablicoprivada on les empreses tecnol\u00f2giques, els fons d\u2019inversi\u00f3 i l\u2019aparell militar actuen com a nodes clau.<\/p>\n<p>Durant el mat\u00ed s\u2019han dut a terme dos tallers simultanis. Per una banda, <span style=\"color: #f69d0b;\"><a style=\"color: #f69d0b;\" href=\"https:\/\/mandragores.cat\/\" target=\"_blank\" rel=\"noopener\"><strong>Mandr\u00e0gores<\/strong> <\/a><\/span>han obert el mel\u00f3 del porno al taller titulat <em><strong>M\u00e9s enll\u00e0 de la pornografia: viol\u00e8ncies masclistes en entorns digitals<\/strong><\/em>, ajudant-nos a repensar el paper d\u2019aquest en la construcci\u00f3 de la sexualitat d\u2019infants i joves. Per altra banda, la <span style=\"color: #f69d0b;\"><a style=\"color: #f69d0b;\" href=\"https:\/\/neuscatala.cat\/\" target=\"_blank\" rel=\"noopener\"><strong>Fundaci\u00f3 Neus Catal\u00e0<\/strong><\/a><\/span> ha analitzat la manera com les xarxes socials poden esdevenir tant eines d\u2019activisme com espais de desinformaci\u00f3, odi o desmobilitzaci\u00f3 col\u00b7lectiva, en el taller titulat <em><strong>(Des)mobilitzaci\u00f3 al carrer i (des)mobilitzaci\u00f3 a les xarxes?<\/strong><\/em>.<\/p>\n<p>Despr\u00e9s de dinar i reposar totes les idees del mat\u00ed hem pogut gaudir d\u2019un <strong>recital de poesia<\/strong> a c\u00e0rrec d\u2019<span style=\"color: #f69d0b;\"><a style=\"color: #f69d0b;\" href=\"https:\/\/www.instagram.com\/enirapoesia\/\" target=\"_blank\" rel=\"noopener\"><strong>Enira Guiaro<\/strong><\/a><\/span>, que a partir de la seva experi\u00e8ncia com a persona transmasculina, bi i neurodivergent ens ha acompanyat a visitar diferents poemes on la tendresa i el dolor es barregen en harmonia.<\/p>\n<p>La tarda ha comen\u00e7at amb un taller a c\u00e0rrec de l\u2019<span style=\"color: #f69d0b;\"><a style=\"color: #f69d0b;\" href=\"https:\/\/escolaguillemagullo.cat\/\" target=\"_blank\" rel=\"noopener\"><strong>Escola de Formaci\u00f3 Guillem Agull\u00f3<\/strong><\/a><\/span>, titulat <strong><em>Extrema dreta i antifeminisme a les xarxes socials<\/em><\/strong>. En aquest ens hem endinsant en el fenomen de la Manosfera i l\u2019antifeminisme a les xarxes socials per comprendre com\u00a0 l\u2019auge reaccionari actual ha trobat el seu lloc a internet en el taller. Paral\u00b7lelament, el col\u00b7lectiu de <span style=\"color: #f69d0b;\"><a style=\"color: #f69d0b;\" href=\"https:\/\/sindominio.net\/logout\/web\/\" target=\"_blank\" rel=\"noopener\"><strong>Hacklab logout<\/strong><\/a><\/span> ha ofert un taller m\u00e9s enfocat a la comunicaci\u00f3, titulat <em><strong>Ciberactivisme i comunicaci\u00f3 feminista<\/strong><\/em>, vehiculant la relaci\u00f3 entre el que passa al n\u00favol amb el posicionament de les nostres entitats.<\/p>\n<p>Despr\u00e9s d\u2019aquestes jornades podem afirmar que <strong>la desmobilitzaci\u00f3 i desafecci\u00f3 pol\u00edtica que estem experimentant actualment es troba directament subordinada a les grans eines tecnol\u00f2giques que estan al nostre abast<\/strong>. Internet, les xarxes socials i els seus algoritmes no han estat mai lliures d\u2019ideologia, sin\u00f3 que formen part d\u2019una estrat\u00e8gia pol\u00edtica concreta. Gr\u00e0cies a totes les participants, a l\u2019organitzaci\u00f3 i a les talleristes per fer possible aquesta edici\u00f3!<\/p>\n<\/div><a data-flickr-embed=\"true\" data-footer=\"true\" href=\"https:\/\/www.flickr.com\/photos\/esplaiscatalans\/albums\/72177720330307927\" title=\"Jornades de Lleure i Feminismes 2025\"><img decoding=\"async\" src=\"https:\/\/live.staticflickr.com\/65535\/54923088239_8a9bf123dc_z.jpg\" width=\"640\" height=\"480\" alt=\"Jornades de Lleure i Feminismes 2025\"\/><\/a><script async src=\"\/\/embedr.flickr.com\/assets\/client-code.js\" charset=\"utf-8\"><\/script><\/div><\/div><\/div><\/div>\n","protected":false},"excerpt":{"rendered":"","protected":false},"author":3,"featured_media":54466,"comment_status":"closed","ping_status":"closed","sticky":false,"template":"","format":"standard","meta":{"om_disable_all_campaigns":false,"_monsterinsights_skip_tracking":false,"_monsterinsights_sitenote_active":false,"_monsterinsights_sitenote_note":"","_monsterinsights_sitenote_category":0,"_uf_show_specific_survey":0,"_uf_disable_surveys":false,"footnotes":""},"categories":[1111,1131,1158],"tags":[],"class_list":["post-54465","post","type-post","status-publish","format-standard","has-post-thumbnail","hentry","category-activitats-esplac","category-cursos-formacions","category-jornades-lleure-feminismes"],"yoast_head":"<!-- This site is optimized with the Yoast SEO plugin v27.4 - https:\/\/yoast.com\/product\/yoast-seo-wordpress\/ -->\n<title>Fem el click amb les Jornades de Lleure i Feminismes<\/title>\n<meta name=\"description\" content=\"El diumenge 9 de novembre ha tingut lloc la XV edici\u00f3 de les Jornades de Lleure i Feminismes a l\u2019Ateneu l\u2019Harmonia.\" \/>\n<meta name=\"robots\" content=\"index, follow, max-snippet:-1, max-image-preview:large, max-video-preview:-1\" \/>\n<link rel=\"canonical\" href=\"https:\/\/www.esplac.cat\/fem-click-quinzena-edicio-jornades-lleure-feminismes\/\" \/>\n<meta property=\"og:locale\" content=\"es_ES\" \/>\n<meta property=\"og:type\" content=\"article\" \/>\n<meta property=\"og:title\" content=\"Fem el click amb les Jornades de Lleure i Feminismes\" \/>\n<meta property=\"og:description\" content=\"El diumenge 9 de novembre ha tingut lloc la XV edici\u00f3 de les Jornades de Lleure i Feminismes a l\u2019Ateneu l\u2019Harmonia.\" \/>\n<meta property=\"og:url\" content=\"https:\/\/www.esplac.cat\/fem-click-quinzena-edicio-jornades-lleure-feminismes\/\" \/>\n<meta property=\"og:site_name\" content=\"Esplac\" \/>\n<meta property=\"article:published_time\" content=\"2025-11-14T08:54:20+00:00\" \/>\n<meta property=\"article:modified_time\" content=\"2025-11-14T09:05:31+00:00\" \/>\n<meta property=\"og:image\" content=\"https:\/\/www.esplac.cat\/wp-content\/uploads\/2025\/11\/JLLiF.jpg\" \/>\n\t<meta property=\"og:image:width\" content=\"1697\" \/>\n\t<meta property=\"og:image:height\" content=\"700\" \/>\n\t<meta property=\"og:image:type\" content=\"image\/jpeg\" \/>\n<meta name=\"author\" content=\"Comunicaci\u00f3 Esplac\" \/>\n<meta name=\"twitter:card\" content=\"summary_large_image\" \/>\n<meta name=\"twitter:label1\" content=\"Escrito por\" \/>\n\t<meta name=\"twitter:data1\" content=\"Comunicaci\u00f3 Esplac\" \/>\n\t<meta name=\"twitter:label2\" content=\"Tiempo de lectura\" \/>\n\t<meta name=\"twitter:data2\" content=\"3 minutos\" \/>\n<script type=\"application\/ld+json\" class=\"yoast-schema-graph\">{\"@context\":\"https:\\\/\\\/schema.org\",\"@graph\":[{\"@type\":\"Article\",\"@id\":\"https:\\\/\\\/www.esplac.cat\\\/fem-click-quinzena-edicio-jornades-lleure-feminismes\\\/#article\",\"isPartOf\":{\"@id\":\"https:\\\/\\\/www.esplac.cat\\\/fem-click-quinzena-edicio-jornades-lleure-feminismes\\\/\"},\"author\":{\"name\":\"Comunicaci\u00f3 Esplac\",\"@id\":\"https:\\\/\\\/www.esplac.cat\\\/#\\\/schema\\\/person\\\/908383cf240be18b68f8855d0583faca\"},\"headline\":\"Fem el click amb la quinzena edici\u00f3 de les Jornades de Lleure i Feminismes\",\"datePublished\":\"2025-11-14T08:54:20+00:00\",\"dateModified\":\"2025-11-14T09:05:31+00:00\",\"mainEntityOfPage\":{\"@id\":\"https:\\\/\\\/www.esplac.cat\\\/fem-click-quinzena-edicio-jornades-lleure-feminismes\\\/\"},\"wordCount\":1538,\"publisher\":{\"@id\":\"https:\\\/\\\/www.esplac.cat\\\/#organization\"},\"image\":{\"@id\":\"https:\\\/\\\/www.esplac.cat\\\/fem-click-quinzena-edicio-jornades-lleure-feminismes\\\/#primaryimage\"},\"thumbnailUrl\":\"https:\\\/\\\/www.esplac.cat\\\/wp-content\\\/uploads\\\/2025\\\/11\\\/JLLiF.jpg\",\"articleSection\":[\"Activitats esplac\",\"Cursos i formacions\",\"Jornades de Lleure i Feminismes\"],\"inLanguage\":\"es\"},{\"@type\":\"WebPage\",\"@id\":\"https:\\\/\\\/www.esplac.cat\\\/fem-click-quinzena-edicio-jornades-lleure-feminismes\\\/\",\"url\":\"https:\\\/\\\/www.esplac.cat\\\/fem-click-quinzena-edicio-jornades-lleure-feminismes\\\/\",\"name\":\"Fem el click amb les Jornades de Lleure i Feminismes\",\"isPartOf\":{\"@id\":\"https:\\\/\\\/www.esplac.cat\\\/#website\"},\"primaryImageOfPage\":{\"@id\":\"https:\\\/\\\/www.esplac.cat\\\/fem-click-quinzena-edicio-jornades-lleure-feminismes\\\/#primaryimage\"},\"image\":{\"@id\":\"https:\\\/\\\/www.esplac.cat\\\/fem-click-quinzena-edicio-jornades-lleure-feminismes\\\/#primaryimage\"},\"thumbnailUrl\":\"https:\\\/\\\/www.esplac.cat\\\/wp-content\\\/uploads\\\/2025\\\/11\\\/JLLiF.jpg\",\"datePublished\":\"2025-11-14T08:54:20+00:00\",\"dateModified\":\"2025-11-14T09:05:31+00:00\",\"description\":\"El diumenge 9 de novembre ha tingut lloc la XV edici\u00f3 de les Jornades de Lleure i Feminismes a l\u2019Ateneu l\u2019Harmonia.\",\"breadcrumb\":{\"@id\":\"https:\\\/\\\/www.esplac.cat\\\/fem-click-quinzena-edicio-jornades-lleure-feminismes\\\/#breadcrumb\"},\"inLanguage\":\"es\",\"potentialAction\":[{\"@type\":\"ReadAction\",\"target\":[\"https:\\\/\\\/www.esplac.cat\\\/fem-click-quinzena-edicio-jornades-lleure-feminismes\\\/\"]}]},{\"@type\":\"ImageObject\",\"inLanguage\":\"es\",\"@id\":\"https:\\\/\\\/www.esplac.cat\\\/fem-click-quinzena-edicio-jornades-lleure-feminismes\\\/#primaryimage\",\"url\":\"https:\\\/\\\/www.esplac.cat\\\/wp-content\\\/uploads\\\/2025\\\/11\\\/JLLiF.jpg\",\"contentUrl\":\"https:\\\/\\\/www.esplac.cat\\\/wp-content\\\/uploads\\\/2025\\\/11\\\/JLLiF.jpg\",\"width\":1697,\"height\":700,\"caption\":\"jornades\"},{\"@type\":\"BreadcrumbList\",\"@id\":\"https:\\\/\\\/www.esplac.cat\\\/fem-click-quinzena-edicio-jornades-lleure-feminismes\\\/#breadcrumb\",\"itemListElement\":[{\"@type\":\"ListItem\",\"position\":1,\"name\":\"Inici\",\"item\":\"https:\\\/\\\/www.esplac.cat\\\/es\\\/\"},{\"@type\":\"ListItem\",\"position\":2,\"name\":\"Fem el click amb la quinzena edici\u00f3 de les Jornades de Lleure i Feminismes\"}]},{\"@type\":\"WebSite\",\"@id\":\"https:\\\/\\\/www.esplac.cat\\\/#website\",\"url\":\"https:\\\/\\\/www.esplac.cat\\\/\",\"name\":\"Esplac\",\"description\":\"Esplais Catalans\",\"publisher\":{\"@id\":\"https:\\\/\\\/www.esplac.cat\\\/#organization\"},\"potentialAction\":[{\"@type\":\"SearchAction\",\"target\":{\"@type\":\"EntryPoint\",\"urlTemplate\":\"https:\\\/\\\/www.esplac.cat\\\/?s={search_term_string}\"},\"query-input\":{\"@type\":\"PropertyValueSpecification\",\"valueRequired\":true,\"valueName\":\"search_term_string\"}}],\"inLanguage\":\"es\"},{\"@type\":\"Organization\",\"@id\":\"https:\\\/\\\/www.esplac.cat\\\/#organization\",\"name\":\"Esplac\",\"url\":\"https:\\\/\\\/www.esplac.cat\\\/\",\"logo\":{\"@type\":\"ImageObject\",\"inLanguage\":\"es\",\"@id\":\"https:\\\/\\\/www.esplac.cat\\\/#\\\/schema\\\/logo\\\/image\\\/\",\"url\":\"https:\\\/\\\/www.esplac.cat\\\/wp-content\\\/uploads\\\/2019\\\/08\\\/logox2.png\",\"contentUrl\":\"https:\\\/\\\/www.esplac.cat\\\/wp-content\\\/uploads\\\/2019\\\/08\\\/logox2.png\",\"width\":600,\"height\":295,\"caption\":\"Esplac\"},\"image\":{\"@id\":\"https:\\\/\\\/www.esplac.cat\\\/#\\\/schema\\\/logo\\\/image\\\/\"}},{\"@type\":\"Person\",\"@id\":\"https:\\\/\\\/www.esplac.cat\\\/#\\\/schema\\\/person\\\/908383cf240be18b68f8855d0583faca\",\"name\":\"Comunicaci\u00f3 Esplac\",\"image\":{\"@type\":\"ImageObject\",\"inLanguage\":\"es\",\"@id\":\"https:\\\/\\\/secure.gravatar.com\\\/avatar\\\/7a4cf8feb412a76ea4a740ca02d95b06b2907b5a6c648c2dd0a1082a093c3141?s=96&d=mm&r=g\",\"url\":\"https:\\\/\\\/secure.gravatar.com\\\/avatar\\\/7a4cf8feb412a76ea4a740ca02d95b06b2907b5a6c648c2dd0a1082a093c3141?s=96&d=mm&r=g\",\"contentUrl\":\"https:\\\/\\\/secure.gravatar.com\\\/avatar\\\/7a4cf8feb412a76ea4a740ca02d95b06b2907b5a6c648c2dd0a1082a093c3141?s=96&d=mm&r=g\",\"caption\":\"Comunicaci\u00f3 Esplac\"}}]}<\/script>\n<!-- \/ Yoast SEO plugin. -->","yoast_head_json":{"title":"Fem el click amb les Jornades de Lleure i Feminismes","description":"El diumenge 9 de novembre ha tingut lloc la XV edici\u00f3 de les Jornades de Lleure i Feminismes a l\u2019Ateneu l\u2019Harmonia.","robots":{"index":"index","follow":"follow","max-snippet":"max-snippet:-1","max-image-preview":"max-image-preview:large","max-video-preview":"max-video-preview:-1"},"canonical":"https:\/\/www.esplac.cat\/fem-click-quinzena-edicio-jornades-lleure-feminismes\/","og_locale":"es_ES","og_type":"article","og_title":"Fem el click amb les Jornades de Lleure i Feminismes","og_description":"El diumenge 9 de novembre ha tingut lloc la XV edici\u00f3 de les Jornades de Lleure i Feminismes a l\u2019Ateneu l\u2019Harmonia.","og_url":"https:\/\/www.esplac.cat\/fem-click-quinzena-edicio-jornades-lleure-feminismes\/","og_site_name":"Esplac","article_published_time":"2025-11-14T08:54:20+00:00","article_modified_time":"2025-11-14T09:05:31+00:00","og_image":[{"width":1697,"height":700,"url":"https:\/\/www.esplac.cat\/wp-content\/uploads\/2025\/11\/JLLiF.jpg","type":"image\/jpeg"}],"author":"Comunicaci\u00f3 Esplac","twitter_card":"summary_large_image","twitter_misc":{"Escrito por":"Comunicaci\u00f3 Esplac","Tiempo de lectura":"3 minutos"},"schema":{"@context":"https:\/\/schema.org","@graph":[{"@type":"Article","@id":"https:\/\/www.esplac.cat\/fem-click-quinzena-edicio-jornades-lleure-feminismes\/#article","isPartOf":{"@id":"https:\/\/www.esplac.cat\/fem-click-quinzena-edicio-jornades-lleure-feminismes\/"},"author":{"name":"Comunicaci\u00f3 Esplac","@id":"https:\/\/www.esplac.cat\/#\/schema\/person\/908383cf240be18b68f8855d0583faca"},"headline":"Fem el click amb la quinzena edici\u00f3 de les Jornades de Lleure i Feminismes","datePublished":"2025-11-14T08:54:20+00:00","dateModified":"2025-11-14T09:05:31+00:00","mainEntityOfPage":{"@id":"https:\/\/www.esplac.cat\/fem-click-quinzena-edicio-jornades-lleure-feminismes\/"},"wordCount":1538,"publisher":{"@id":"https:\/\/www.esplac.cat\/#organization"},"image":{"@id":"https:\/\/www.esplac.cat\/fem-click-quinzena-edicio-jornades-lleure-feminismes\/#primaryimage"},"thumbnailUrl":"https:\/\/www.esplac.cat\/wp-content\/uploads\/2025\/11\/JLLiF.jpg","articleSection":["Activitats esplac","Cursos i formacions","Jornades de Lleure i Feminismes"],"inLanguage":"es"},{"@type":"WebPage","@id":"https:\/\/www.esplac.cat\/fem-click-quinzena-edicio-jornades-lleure-feminismes\/","url":"https:\/\/www.esplac.cat\/fem-click-quinzena-edicio-jornades-lleure-feminismes\/","name":"Fem el click amb les Jornades de Lleure i Feminismes","isPartOf":{"@id":"https:\/\/www.esplac.cat\/#website"},"primaryImageOfPage":{"@id":"https:\/\/www.esplac.cat\/fem-click-quinzena-edicio-jornades-lleure-feminismes\/#primaryimage"},"image":{"@id":"https:\/\/www.esplac.cat\/fem-click-quinzena-edicio-jornades-lleure-feminismes\/#primaryimage"},"thumbnailUrl":"https:\/\/www.esplac.cat\/wp-content\/uploads\/2025\/11\/JLLiF.jpg","datePublished":"2025-11-14T08:54:20+00:00","dateModified":"2025-11-14T09:05:31+00:00","description":"El diumenge 9 de novembre ha tingut lloc la XV edici\u00f3 de les Jornades de Lleure i Feminismes a l\u2019Ateneu l\u2019Harmonia.","breadcrumb":{"@id":"https:\/\/www.esplac.cat\/fem-click-quinzena-edicio-jornades-lleure-feminismes\/#breadcrumb"},"inLanguage":"es","potentialAction":[{"@type":"ReadAction","target":["https:\/\/www.esplac.cat\/fem-click-quinzena-edicio-jornades-lleure-feminismes\/"]}]},{"@type":"ImageObject","inLanguage":"es","@id":"https:\/\/www.esplac.cat\/fem-click-quinzena-edicio-jornades-lleure-feminismes\/#primaryimage","url":"https:\/\/www.esplac.cat\/wp-content\/uploads\/2025\/11\/JLLiF.jpg","contentUrl":"https:\/\/www.esplac.cat\/wp-content\/uploads\/2025\/11\/JLLiF.jpg","width":1697,"height":700,"caption":"jornades"},{"@type":"BreadcrumbList","@id":"https:\/\/www.esplac.cat\/fem-click-quinzena-edicio-jornades-lleure-feminismes\/#breadcrumb","itemListElement":[{"@type":"ListItem","position":1,"name":"Inici","item":"https:\/\/www.esplac.cat\/es\/"},{"@type":"ListItem","position":2,"name":"Fem el click amb la quinzena edici\u00f3 de les Jornades de Lleure i Feminismes"}]},{"@type":"WebSite","@id":"https:\/\/www.esplac.cat\/#website","url":"https:\/\/www.esplac.cat\/","name":"Esplac","description":"Esplais Catalans","publisher":{"@id":"https:\/\/www.esplac.cat\/#organization"},"potentialAction":[{"@type":"SearchAction","target":{"@type":"EntryPoint","urlTemplate":"https:\/\/www.esplac.cat\/?s={search_term_string}"},"query-input":{"@type":"PropertyValueSpecification","valueRequired":true,"valueName":"search_term_string"}}],"inLanguage":"es"},{"@type":"Organization","@id":"https:\/\/www.esplac.cat\/#organization","name":"Esplac","url":"https:\/\/www.esplac.cat\/","logo":{"@type":"ImageObject","inLanguage":"es","@id":"https:\/\/www.esplac.cat\/#\/schema\/logo\/image\/","url":"https:\/\/www.esplac.cat\/wp-content\/uploads\/2019\/08\/logox2.png","contentUrl":"https:\/\/www.esplac.cat\/wp-content\/uploads\/2019\/08\/logox2.png","width":600,"height":295,"caption":"Esplac"},"image":{"@id":"https:\/\/www.esplac.cat\/#\/schema\/logo\/image\/"}},{"@type":"Person","@id":"https:\/\/www.esplac.cat\/#\/schema\/person\/908383cf240be18b68f8855d0583faca","name":"Comunicaci\u00f3 Esplac","image":{"@type":"ImageObject","inLanguage":"es","@id":"https:\/\/secure.gravatar.com\/avatar\/7a4cf8feb412a76ea4a740ca02d95b06b2907b5a6c648c2dd0a1082a093c3141?s=96&d=mm&r=g","url":"https:\/\/secure.gravatar.com\/avatar\/7a4cf8feb412a76ea4a740ca02d95b06b2907b5a6c648c2dd0a1082a093c3141?s=96&d=mm&r=g","contentUrl":"https:\/\/secure.gravatar.com\/avatar\/7a4cf8feb412a76ea4a740ca02d95b06b2907b5a6c648c2dd0a1082a093c3141?s=96&d=mm&r=g","caption":"Comunicaci\u00f3 Esplac"}}]}},"_links":{"self":[{"href":"https:\/\/www.esplac.cat\/es\/wp-json\/wp\/v2\/posts\/54465","targetHints":{"allow":["GET"]}}],"collection":[{"href":"https:\/\/www.esplac.cat\/es\/wp-json\/wp\/v2\/posts"}],"about":[{"href":"https:\/\/www.esplac.cat\/es\/wp-json\/wp\/v2\/types\/post"}],"author":[{"embeddable":true,"href":"https:\/\/www.esplac.cat\/es\/wp-json\/wp\/v2\/users\/3"}],"replies":[{"embeddable":true,"href":"https:\/\/www.esplac.cat\/es\/wp-json\/wp\/v2\/comments?post=54465"}],"version-history":[{"count":3,"href":"https:\/\/www.esplac.cat\/es\/wp-json\/wp\/v2\/posts\/54465\/revisions"}],"predecessor-version":[{"id":54471,"href":"https:\/\/www.esplac.cat\/es\/wp-json\/wp\/v2\/posts\/54465\/revisions\/54471"}],"wp:featuredmedia":[{"embeddable":true,"href":"https:\/\/www.esplac.cat\/es\/wp-json\/wp\/v2\/media\/54466"}],"wp:attachment":[{"href":"https:\/\/www.esplac.cat\/es\/wp-json\/wp\/v2\/media?parent=54465"}],"wp:term":[{"taxonomy":"category","embeddable":true,"href":"https:\/\/www.esplac.cat\/es\/wp-json\/wp\/v2\/categories?post=54465"},{"taxonomy":"post_tag","embeddable":true,"href":"https:\/\/www.esplac.cat\/es\/wp-json\/wp\/v2\/tags?post=54465"}],"curies":[{"name":"wp","href":"https:\/\/api.w.org\/{rel}","templated":true}]}}