{"id":54473,"date":"2025-11-18T16:32:00","date_gmt":"2025-11-18T14:32:00","guid":{"rendered":"https:\/\/www.esplac.cat\/?p=54473"},"modified":"2025-11-18T16:53:06","modified_gmt":"2025-11-18T14:53:06","slug":"futures-monis-valles-occidental-reuneixen-cim-aprenentatge-cohesio","status":"publish","type":"post","link":"https:\/\/www.esplac.cat\/es\/futures-monis-valles-occidental-reuneixen-cim-aprenentatge-cohesio\/","title":{"rendered":"Monis i joves del Sector Vall\u00e8s Occidental gaudeixen d&#8217;un cap de setmana d\u2019aprenentatge i cohesi\u00f3"},"content":{"rendered":"<div class=\"fusion-fullwidth fullwidth-box fusion-builder-row-1 fusion-flex-container has-pattern-background has-mask-background nonhundred-percent-fullwidth non-hundred-percent-height-scrolling\" style=\"--awb-border-radius-top-left:0px;--awb-border-radius-top-right:0px;--awb-border-radius-bottom-right:0px;--awb-border-radius-bottom-left:0px;--awb-flex-wrap:wrap;\" ><div class=\"fusion-builder-row fusion-row fusion-flex-align-items-flex-start fusion-flex-content-wrap\" style=\"max-width:1248px;margin-left: calc(-4% \/ 2 );margin-right: calc(-4% \/ 2 );\"><div class=\"fusion-layout-column fusion_builder_column fusion-builder-column-0 fusion_builder_column_1_1 1_1 fusion-flex-column\" style=\"--awb-bg-size:cover;--awb-width-large:100%;--awb-margin-top-large:0px;--awb-spacing-right-large:1.92%;--awb-margin-bottom-large:20px;--awb-spacing-left-large:1.92%;--awb-width-medium:100%;--awb-order-medium:0;--awb-spacing-right-medium:1.92%;--awb-spacing-left-medium:1.92%;--awb-width-small:100%;--awb-order-small:0;--awb-spacing-right-small:1.92%;--awb-spacing-left-small:1.92%;\"><div class=\"fusion-column-wrapper fusion-column-has-shadow fusion-flex-justify-content-flex-start fusion-content-layout-column\"><div class=\"fusion-text fusion-text-1\"><h6><strong>\u00c8xit de participaci\u00f3 al Curs d\u2019Iniciaci\u00f3 al Monitoratge del Sector Vall\u00e8s Occidental, on hi han participat les futures monitores i monitors.<\/strong><\/h6>\n<p>El cap de setmana del <strong>15 i 16 de novembre<\/strong> s\u2019ha celebrat el <strong>Curs d\u2019Iniciaci\u00f3 al Monitoratge<\/strong> (CIM) del <a href=\"https:\/\/www.esplac.cat\/sectors-geografics\/valles-occidental\/\" target=\"_blank\" rel=\"noopener\"><span style=\"color: #f69d0b;\"><strong>Sector Vall\u00e8s Occidental<\/strong> <\/span><\/a>a l\u2019escola Mari\u00e0 Gal\u00ed i Guix de Terrassa. La trobada ha comptat amb la participaci\u00f3 d\u2019una c<strong>inquantena de monis i joves<\/strong> dels esplais <strong>El Piolet<\/strong>, <strong>Farfalla<\/strong>, <strong>La Flama<\/strong>, <strong>Sarau<\/strong>, <strong>Bonaire<\/strong> i <strong>Eixam<\/strong>. La trobada, preparada per les monitores i els monitors dels esplais participants, t\u00e9 com a objectiu formar a joves, premonis i monis de primer any sobre aspectes b\u00e0sics i tenir un primer contacte amb el m\u00f3n assembleari i l&#8217;organitzaci\u00f3 de l\u2019esplai.<\/p>\n<p>Al llarg de dissabte tarda les i els joves han rebut formacions sobre <strong>primers auxilis<\/strong> i l\u2019<strong>organitzaci\u00f3 a l\u2019esplai<\/strong>. Per altra banda, les monitores i els monitors de primer any han fet formaci\u00f3 sobre <strong>ASI<\/strong>. Diumenge al mat\u00ed s\u2019ha fet una formaci\u00f3 conjunta sobre la <strong>creaci\u00f3 d\u2019activitats adaptades a infants amb necessitats educatives especials<\/strong>.\u00a0 Durant tot el cap de setmana, les i els participants han gaudit d\u2019espais de caliu i de cohesi\u00f3. Finalment, el CIM ha finalitzat amb un dinar preparat per l\u2019Equip General del Sector (EGS), un espai en el qual han pogut compartir reflexions i viv\u00e8ncies del cap de setmana.<\/p>\n<p>Aquest any, en comparaci\u00f3 amb el curs passat, el CIM del Sector Vall\u00e8s Occidental ha recuperat el format de cap de setmana, fet que ha perm\u00e8s generar un <strong>espai de conviv\u00e8ncia molt enriquidor<\/strong> entre participants. Alhora, la participaci\u00f3 en aquesta trobada formativa segueix augmentant cada edici\u00f3, fet que certifica el CIM com una activitat clau del sector amb una valoraci\u00f3 positiva per part d\u2019aquest.<\/p>\n<\/div><blockquote class=\"instagram-media\" data-instgrm-captioned data-instgrm-permalink=\"https:\/\/www.instagram.com\/p\/DRMXyWwjPbu\/?utm_source=ig_embed&utm_campaign=loading\" data-instgrm-version=\"14\" style=\" background:#FFF; border:0; border-radius:3px; box-shadow:0 0 1px 0 rgba(0,0,0,0.5),0 1px 10px 0 rgba(0,0,0,0.15); margin: 1px; max-width:540px; min-width:326px; padding:0; width:99.375%; width:-webkit-calc(100% - 2px); width:calc(100% - 2px);\"><div style=\"padding:16px;\"> <a href=\"https:\/\/www.instagram.com\/p\/DRMXyWwjPbu\/?utm_source=ig_embed&utm_campaign=loading\" style=\" background:#FFFFFF; line-height:0; padding:0 0; text-align:center; text-decoration:none; width:100%;\" target=\"_blank\"> <div style=\" display: flex; flex-direction: row; align-items: center;\"> <div style=\"background-color: #F4F4F4; border-radius: 50%; flex-grow: 0; height: 40px; margin-right: 14px; width: 40px;\"><\/div> <div style=\"display: flex; flex-direction: column; flex-grow: 1; justify-content: center;\"> <div style=\" background-color: #F4F4F4; border-radius: 4px; flex-grow: 0; height: 14px; margin-bottom: 6px; width: 100px;\"><\/div> <div style=\" background-color: #F4F4F4; border-radius: 4px; flex-grow: 0; height: 14px; width: 60px;\"><\/div><\/div><\/div><div style=\"padding: 19% 0;\"><\/div> <div style=\"display:block; height:50px; margin:0 auto 12px; width:50px;\"><svg width=\"50px\" height=\"50px\" viewBox=\"0 0 60 60\" version=\"1.1\" xmlns=\"https:\/\/www.w3.org\/2000\/svg\" xmlns:xlink=\"https:\/\/www.w3.org\/1999\/xlink\"><g stroke=\"none\" stroke-width=\"1\" fill=\"none\" fill-rule=\"evenodd\"><g transform=\"translate(-511.000000, -20.000000)\" fill=\"#000000\"><g><path d=\"M556.869,30.41 C554.814,30.41 553.148,32.076 553.148,34.131 C553.148,36.186 554.814,37.852 556.869,37.852 C558.924,37.852 560.59,36.186 560.59,34.131 C560.59,32.076 558.924,30.41 556.869,30.41 M541,60.657 C535.114,60.657 530.342,55.887 530.342,50 C530.342,44.114 535.114,39.342 541,39.342 C546.887,39.342 551.658,44.114 551.658,50 C551.658,55.887 546.887,60.657 541,60.657 M541,33.886 C532.1,33.886 524.886,41.1 524.886,50 C524.886,58.899 532.1,66.113 541,66.113 C549.9,66.113 557.115,58.899 557.115,50 C557.115,41.1 549.9,33.886 541,33.886 M565.378,62.101 C565.244,65.022 564.756,66.606 564.346,67.663 C563.803,69.06 563.154,70.057 562.106,71.106 C561.058,72.155 560.06,72.803 558.662,73.347 C557.607,73.757 556.021,74.244 553.102,74.378 C549.944,74.521 548.997,74.552 541,74.552 C533.003,74.552 532.056,74.521 528.898,74.378 C525.979,74.244 524.393,73.757 523.338,73.347 C521.94,72.803 520.942,72.155 519.894,71.106 C518.846,70.057 518.197,69.06 517.654,67.663 C517.244,66.606 516.755,65.022 516.623,62.101 C516.479,58.943 516.448,57.996 516.448,50 C516.448,42.003 516.479,41.056 516.623,37.899 C516.755,34.978 517.244,33.391 517.654,32.338 C518.197,30.938 518.846,29.942 519.894,28.894 C520.942,27.846 521.94,27.196 523.338,26.654 C524.393,26.244 525.979,25.756 528.898,25.623 C532.057,25.479 533.004,25.448 541,25.448 C548.997,25.448 549.943,25.479 553.102,25.623 C556.021,25.756 557.607,26.244 558.662,26.654 C560.06,27.196 561.058,27.846 562.106,28.894 C563.154,29.942 563.803,30.938 564.346,32.338 C564.756,33.391 565.244,34.978 565.378,37.899 C565.522,41.056 565.552,42.003 565.552,50 C565.552,57.996 565.522,58.943 565.378,62.101 M570.82,37.631 C570.674,34.438 570.167,32.258 569.425,30.349 C568.659,28.377 567.633,26.702 565.965,25.035 C564.297,23.368 562.623,22.342 560.652,21.575 C558.743,20.834 556.562,20.326 553.369,20.18 C550.169,20.033 549.148,20 541,20 C532.853,20 531.831,20.033 528.631,20.18 C525.438,20.326 523.257,20.834 521.349,21.575 C519.376,22.342 517.703,23.368 516.035,25.035 C514.368,26.702 513.342,28.377 512.574,30.349 C511.834,32.258 511.326,34.438 511.181,37.631 C511.035,40.831 511,41.851 511,50 C511,58.147 511.035,59.17 511.181,62.369 C511.326,65.562 511.834,67.743 512.574,69.651 C513.342,71.625 514.368,73.296 516.035,74.965 C517.703,76.634 519.376,77.658 521.349,78.425 C523.257,79.167 525.438,79.673 528.631,79.82 C531.831,79.965 532.853,80.001 541,80.001 C549.148,80.001 550.169,79.965 553.369,79.82 C556.562,79.673 558.743,79.167 560.652,78.425 C562.623,77.658 564.297,76.634 565.965,74.965 C567.633,73.296 568.659,71.625 569.425,69.651 C570.167,67.743 570.674,65.562 570.82,62.369 C570.966,59.17 571,58.147 571,50 C571,41.851 570.966,40.831 570.82,37.631\"><\/path><\/g><\/g><\/g><\/svg><\/div><div style=\"padding-top: 8px;\"> <div style=\" color:#3897f0; font-family:Arial,sans-serif; font-size:14px; font-style:normal; font-weight:550; line-height:18px;\">View this post on Instagram<\/div><\/div><div style=\"padding: 12.5% 0;\"><\/div> <div style=\"display: flex; flex-direction: row; margin-bottom: 14px; align-items: center;\"><div> <div style=\"background-color: #F4F4F4; border-radius: 50%; height: 12.5px; width: 12.5px; transform: translateX(0px) translateY(7px);\"><\/div> <div style=\"background-color: #F4F4F4; height: 12.5px; transform: rotate(-45deg) translateX(3px) translateY(1px); width: 12.5px; flex-grow: 0; margin-right: 14px; margin-left: 2px;\"><\/div> <div style=\"background-color: #F4F4F4; border-radius: 50%; height: 12.5px; width: 12.5px; transform: translateX(9px) translateY(-18px);\"><\/div><\/div><div style=\"margin-left: 8px;\"> <div style=\" background-color: #F4F4F4; border-radius: 50%; flex-grow: 0; height: 20px; width: 20px;\"><\/div> <div style=\" width: 0; height: 0; border-top: 2px solid transparent; border-left: 6px solid #f4f4f4; border-bottom: 2px solid transparent; transform: translateX(16px) translateY(-4px) rotate(30deg)\"><\/div><\/div><div style=\"margin-left: auto;\"> <div style=\" width: 0px; border-top: 8px solid #F4F4F4; border-right: 8px solid transparent; transform: translateY(16px);\"><\/div> <div style=\" background-color: #F4F4F4; flex-grow: 0; height: 12px; width: 16px; transform: translateY(-4px);\"><\/div> <div style=\" width: 0; height: 0; border-top: 8px solid #F4F4F4; border-left: 8px solid transparent; transform: translateY(-4px) translateX(8px);\"><\/div><\/div><\/div> <div style=\"display: flex; flex-direction: column; flex-grow: 1; justify-content: center; margin-bottom: 24px;\"> <div style=\" background-color: #F4F4F4; border-radius: 4px; flex-grow: 0; height: 14px; margin-bottom: 6px; width: 224px;\"><\/div> <div style=\" background-color: #F4F4F4; border-radius: 4px; flex-grow: 0; height: 14px; width: 144px;\"><\/div><\/div><\/a><p style=\" color:#c9c8cd; font-family:Arial,sans-serif; font-size:14px; line-height:17px; margin-bottom:0; margin-top:8px; overflow:hidden; padding:8px 0 7px; text-align:center; text-overflow:ellipsis; white-space:nowrap;\"><a href=\"https:\/\/www.instagram.com\/p\/DRMXyWwjPbu\/?utm_source=ig_embed&utm_campaign=loading\" style=\" color:#c9c8cd; font-family:Arial,sans-serif; font-size:14px; font-style:normal; font-weight:normal; line-height:17px; text-decoration:none;\" target=\"_blank\">A post shared by Sector VallOcc (Esplac) (@sector_valles_occidental)<\/a><\/p><\/div><\/blockquote>\n<script async src=\"\/\/www.instagram.com\/embed.js\"><\/script><\/div><\/div><\/div><\/div>\n","protected":false},"excerpt":{"rendered":"","protected":false},"author":3,"featured_media":54475,"comment_status":"closed","ping_status":"closed","sticky":false,"template":"","format":"standard","meta":{"om_disable_all_campaigns":false,"_monsterinsights_skip_tracking":false,"_monsterinsights_sitenote_active":false,"_monsterinsights_sitenote_note":"","_monsterinsights_sitenote_category":0,"_uf_show_specific_survey":0,"_uf_disable_surveys":false,"footnotes":""},"categories":[1110,1118],"tags":[],"class_list":["post-54473","post","type-post","status-publish","format-standard","has-post-thumbnail","hentry","category-activitats-sectors","category-sector-valles-occidental-activitats-sectors"],"yoast_head":"<!-- This site is optimized with the Yoast SEO plugin v27.4 - https:\/\/yoast.com\/product\/yoast-seo-wordpress\/ -->\n<title>Monis i joves del Vall\u00e8s Occidental es reuneixen al CIM!<\/title>\n<meta name=\"description\" content=\"\u00c8xit de participaci\u00f3 al Curs d\u2019Iniciaci\u00f3 al Monitoratge del Sector Vall\u00e8s Occidental, un cap de setmana d\u2019aprenentatge i cohesi\u00f3.\" \/>\n<meta name=\"robots\" content=\"index, follow, max-snippet:-1, max-image-preview:large, max-video-preview:-1\" \/>\n<link rel=\"canonical\" href=\"https:\/\/www.esplac.cat\/futures-monis-valles-occidental-reuneixen-cim-aprenentatge-cohesio\/\" \/>\n<meta property=\"og:locale\" content=\"es_ES\" \/>\n<meta property=\"og:type\" content=\"article\" \/>\n<meta property=\"og:title\" content=\"Monis i joves del Vall\u00e8s Occidental es reuneixen al CIM!\" \/>\n<meta property=\"og:description\" content=\"\u00c8xit de participaci\u00f3 al Curs d\u2019Iniciaci\u00f3 al Monitoratge del Sector Vall\u00e8s Occidental, un cap de setmana d\u2019aprenentatge i cohesi\u00f3.\" \/>\n<meta property=\"og:url\" content=\"https:\/\/www.esplac.cat\/futures-monis-valles-occidental-reuneixen-cim-aprenentatge-cohesio\/\" \/>\n<meta property=\"og:site_name\" content=\"Esplac\" \/>\n<meta property=\"article:published_time\" content=\"2025-11-18T14:32:00+00:00\" \/>\n<meta property=\"article:modified_time\" content=\"2025-11-18T14:53:06+00:00\" \/>\n<meta property=\"og:image\" content=\"https:\/\/www.esplac.cat\/wp-content\/uploads\/2025\/11\/CIM_Valloc.jpg\" \/>\n\t<meta property=\"og:image:width\" content=\"1697\" \/>\n\t<meta property=\"og:image:height\" content=\"700\" \/>\n\t<meta property=\"og:image:type\" content=\"image\/jpeg\" \/>\n<meta name=\"author\" content=\"Comunicaci\u00f3 Esplac\" \/>\n<meta name=\"twitter:card\" content=\"summary_large_image\" \/>\n<meta name=\"twitter:label1\" content=\"Escrito por\" \/>\n\t<meta name=\"twitter:data1\" content=\"Comunicaci\u00f3 Esplac\" \/>\n\t<meta name=\"twitter:label2\" content=\"Tiempo de lectura\" \/>\n\t<meta name=\"twitter:data2\" content=\"2 minutos\" \/>\n<script type=\"application\/ld+json\" class=\"yoast-schema-graph\">{\"@context\":\"https:\\\/\\\/schema.org\",\"@graph\":[{\"@type\":\"Article\",\"@id\":\"https:\\\/\\\/www.esplac.cat\\\/futures-monis-valles-occidental-reuneixen-cim-aprenentatge-cohesio\\\/#article\",\"isPartOf\":{\"@id\":\"https:\\\/\\\/www.esplac.cat\\\/futures-monis-valles-occidental-reuneixen-cim-aprenentatge-cohesio\\\/\"},\"author\":{\"name\":\"Comunicaci\u00f3 Esplac\",\"@id\":\"https:\\\/\\\/www.esplac.cat\\\/#\\\/schema\\\/person\\\/908383cf240be18b68f8855d0583faca\"},\"headline\":\"Monis i joves del Sector Vall\u00e8s Occidental gaudeixen d&#8217;un cap de setmana d\u2019aprenentatge i cohesi\u00f3\",\"datePublished\":\"2025-11-18T14:32:00+00:00\",\"dateModified\":\"2025-11-18T14:53:06+00:00\",\"mainEntityOfPage\":{\"@id\":\"https:\\\/\\\/www.esplac.cat\\\/futures-monis-valles-occidental-reuneixen-cim-aprenentatge-cohesio\\\/\"},\"wordCount\":2471,\"publisher\":{\"@id\":\"https:\\\/\\\/www.esplac.cat\\\/#organization\"},\"image\":{\"@id\":\"https:\\\/\\\/www.esplac.cat\\\/futures-monis-valles-occidental-reuneixen-cim-aprenentatge-cohesio\\\/#primaryimage\"},\"thumbnailUrl\":\"https:\\\/\\\/www.esplac.cat\\\/wp-content\\\/uploads\\\/2025\\\/11\\\/CIM_Valloc.jpg\",\"articleSection\":[\"Activitats sectors\",\"Sector Vall\u00e8s Occidental\"],\"inLanguage\":\"es\"},{\"@type\":\"WebPage\",\"@id\":\"https:\\\/\\\/www.esplac.cat\\\/futures-monis-valles-occidental-reuneixen-cim-aprenentatge-cohesio\\\/\",\"url\":\"https:\\\/\\\/www.esplac.cat\\\/futures-monis-valles-occidental-reuneixen-cim-aprenentatge-cohesio\\\/\",\"name\":\"Monis i joves del Vall\u00e8s Occidental es reuneixen al CIM!\",\"isPartOf\":{\"@id\":\"https:\\\/\\\/www.esplac.cat\\\/#website\"},\"primaryImageOfPage\":{\"@id\":\"https:\\\/\\\/www.esplac.cat\\\/futures-monis-valles-occidental-reuneixen-cim-aprenentatge-cohesio\\\/#primaryimage\"},\"image\":{\"@id\":\"https:\\\/\\\/www.esplac.cat\\\/futures-monis-valles-occidental-reuneixen-cim-aprenentatge-cohesio\\\/#primaryimage\"},\"thumbnailUrl\":\"https:\\\/\\\/www.esplac.cat\\\/wp-content\\\/uploads\\\/2025\\\/11\\\/CIM_Valloc.jpg\",\"datePublished\":\"2025-11-18T14:32:00+00:00\",\"dateModified\":\"2025-11-18T14:53:06+00:00\",\"description\":\"\u00c8xit de participaci\u00f3 al Curs d\u2019Iniciaci\u00f3 al Monitoratge del Sector Vall\u00e8s Occidental, un cap de setmana d\u2019aprenentatge i cohesi\u00f3.\",\"breadcrumb\":{\"@id\":\"https:\\\/\\\/www.esplac.cat\\\/futures-monis-valles-occidental-reuneixen-cim-aprenentatge-cohesio\\\/#breadcrumb\"},\"inLanguage\":\"es\",\"potentialAction\":[{\"@type\":\"ReadAction\",\"target\":[\"https:\\\/\\\/www.esplac.cat\\\/futures-monis-valles-occidental-reuneixen-cim-aprenentatge-cohesio\\\/\"]}]},{\"@type\":\"ImageObject\",\"inLanguage\":\"es\",\"@id\":\"https:\\\/\\\/www.esplac.cat\\\/futures-monis-valles-occidental-reuneixen-cim-aprenentatge-cohesio\\\/#primaryimage\",\"url\":\"https:\\\/\\\/www.esplac.cat\\\/wp-content\\\/uploads\\\/2025\\\/11\\\/CIM_Valloc.jpg\",\"contentUrl\":\"https:\\\/\\\/www.esplac.cat\\\/wp-content\\\/uploads\\\/2025\\\/11\\\/CIM_Valloc.jpg\",\"width\":1697,\"height\":700,\"caption\":\"CIM\"},{\"@type\":\"BreadcrumbList\",\"@id\":\"https:\\\/\\\/www.esplac.cat\\\/futures-monis-valles-occidental-reuneixen-cim-aprenentatge-cohesio\\\/#breadcrumb\",\"itemListElement\":[{\"@type\":\"ListItem\",\"position\":1,\"name\":\"Inici\",\"item\":\"https:\\\/\\\/www.esplac.cat\\\/es\\\/\"},{\"@type\":\"ListItem\",\"position\":2,\"name\":\"Monis i joves del Sector Vall\u00e8s Occidental gaudeixen d&#8217;un cap de setmana d\u2019aprenentatge i cohesi\u00f3\"}]},{\"@type\":\"WebSite\",\"@id\":\"https:\\\/\\\/www.esplac.cat\\\/#website\",\"url\":\"https:\\\/\\\/www.esplac.cat\\\/\",\"name\":\"Esplac\",\"description\":\"Esplais Catalans\",\"publisher\":{\"@id\":\"https:\\\/\\\/www.esplac.cat\\\/#organization\"},\"potentialAction\":[{\"@type\":\"SearchAction\",\"target\":{\"@type\":\"EntryPoint\",\"urlTemplate\":\"https:\\\/\\\/www.esplac.cat\\\/?s={search_term_string}\"},\"query-input\":{\"@type\":\"PropertyValueSpecification\",\"valueRequired\":true,\"valueName\":\"search_term_string\"}}],\"inLanguage\":\"es\"},{\"@type\":\"Organization\",\"@id\":\"https:\\\/\\\/www.esplac.cat\\\/#organization\",\"name\":\"Esplac\",\"url\":\"https:\\\/\\\/www.esplac.cat\\\/\",\"logo\":{\"@type\":\"ImageObject\",\"inLanguage\":\"es\",\"@id\":\"https:\\\/\\\/www.esplac.cat\\\/#\\\/schema\\\/logo\\\/image\\\/\",\"url\":\"https:\\\/\\\/www.esplac.cat\\\/wp-content\\\/uploads\\\/2019\\\/08\\\/logox2.png\",\"contentUrl\":\"https:\\\/\\\/www.esplac.cat\\\/wp-content\\\/uploads\\\/2019\\\/08\\\/logox2.png\",\"width\":600,\"height\":295,\"caption\":\"Esplac\"},\"image\":{\"@id\":\"https:\\\/\\\/www.esplac.cat\\\/#\\\/schema\\\/logo\\\/image\\\/\"}},{\"@type\":\"Person\",\"@id\":\"https:\\\/\\\/www.esplac.cat\\\/#\\\/schema\\\/person\\\/908383cf240be18b68f8855d0583faca\",\"name\":\"Comunicaci\u00f3 Esplac\",\"image\":{\"@type\":\"ImageObject\",\"inLanguage\":\"es\",\"@id\":\"https:\\\/\\\/secure.gravatar.com\\\/avatar\\\/7a4cf8feb412a76ea4a740ca02d95b06b2907b5a6c648c2dd0a1082a093c3141?s=96&d=mm&r=g\",\"url\":\"https:\\\/\\\/secure.gravatar.com\\\/avatar\\\/7a4cf8feb412a76ea4a740ca02d95b06b2907b5a6c648c2dd0a1082a093c3141?s=96&d=mm&r=g\",\"contentUrl\":\"https:\\\/\\\/secure.gravatar.com\\\/avatar\\\/7a4cf8feb412a76ea4a740ca02d95b06b2907b5a6c648c2dd0a1082a093c3141?s=96&d=mm&r=g\",\"caption\":\"Comunicaci\u00f3 Esplac\"}}]}<\/script>\n<!-- \/ Yoast SEO plugin. -->","yoast_head_json":{"title":"Monis i joves del Vall\u00e8s Occidental es reuneixen al CIM!","description":"\u00c8xit de participaci\u00f3 al Curs d\u2019Iniciaci\u00f3 al Monitoratge del Sector Vall\u00e8s Occidental, un cap de setmana d\u2019aprenentatge i cohesi\u00f3.","robots":{"index":"index","follow":"follow","max-snippet":"max-snippet:-1","max-image-preview":"max-image-preview:large","max-video-preview":"max-video-preview:-1"},"canonical":"https:\/\/www.esplac.cat\/futures-monis-valles-occidental-reuneixen-cim-aprenentatge-cohesio\/","og_locale":"es_ES","og_type":"article","og_title":"Monis i joves del Vall\u00e8s Occidental es reuneixen al CIM!","og_description":"\u00c8xit de participaci\u00f3 al Curs d\u2019Iniciaci\u00f3 al Monitoratge del Sector Vall\u00e8s Occidental, un cap de setmana d\u2019aprenentatge i cohesi\u00f3.","og_url":"https:\/\/www.esplac.cat\/futures-monis-valles-occidental-reuneixen-cim-aprenentatge-cohesio\/","og_site_name":"Esplac","article_published_time":"2025-11-18T14:32:00+00:00","article_modified_time":"2025-11-18T14:53:06+00:00","og_image":[{"width":1697,"height":700,"url":"https:\/\/www.esplac.cat\/wp-content\/uploads\/2025\/11\/CIM_Valloc.jpg","type":"image\/jpeg"}],"author":"Comunicaci\u00f3 Esplac","twitter_card":"summary_large_image","twitter_misc":{"Escrito por":"Comunicaci\u00f3 Esplac","Tiempo de lectura":"2 minutos"},"schema":{"@context":"https:\/\/schema.org","@graph":[{"@type":"Article","@id":"https:\/\/www.esplac.cat\/futures-monis-valles-occidental-reuneixen-cim-aprenentatge-cohesio\/#article","isPartOf":{"@id":"https:\/\/www.esplac.cat\/futures-monis-valles-occidental-reuneixen-cim-aprenentatge-cohesio\/"},"author":{"name":"Comunicaci\u00f3 Esplac","@id":"https:\/\/www.esplac.cat\/#\/schema\/person\/908383cf240be18b68f8855d0583faca"},"headline":"Monis i joves del Sector Vall\u00e8s Occidental gaudeixen d&#8217;un cap de setmana d\u2019aprenentatge i cohesi\u00f3","datePublished":"2025-11-18T14:32:00+00:00","dateModified":"2025-11-18T14:53:06+00:00","mainEntityOfPage":{"@id":"https:\/\/www.esplac.cat\/futures-monis-valles-occidental-reuneixen-cim-aprenentatge-cohesio\/"},"wordCount":2471,"publisher":{"@id":"https:\/\/www.esplac.cat\/#organization"},"image":{"@id":"https:\/\/www.esplac.cat\/futures-monis-valles-occidental-reuneixen-cim-aprenentatge-cohesio\/#primaryimage"},"thumbnailUrl":"https:\/\/www.esplac.cat\/wp-content\/uploads\/2025\/11\/CIM_Valloc.jpg","articleSection":["Activitats sectors","Sector Vall\u00e8s Occidental"],"inLanguage":"es"},{"@type":"WebPage","@id":"https:\/\/www.esplac.cat\/futures-monis-valles-occidental-reuneixen-cim-aprenentatge-cohesio\/","url":"https:\/\/www.esplac.cat\/futures-monis-valles-occidental-reuneixen-cim-aprenentatge-cohesio\/","name":"Monis i joves del Vall\u00e8s Occidental es reuneixen al CIM!","isPartOf":{"@id":"https:\/\/www.esplac.cat\/#website"},"primaryImageOfPage":{"@id":"https:\/\/www.esplac.cat\/futures-monis-valles-occidental-reuneixen-cim-aprenentatge-cohesio\/#primaryimage"},"image":{"@id":"https:\/\/www.esplac.cat\/futures-monis-valles-occidental-reuneixen-cim-aprenentatge-cohesio\/#primaryimage"},"thumbnailUrl":"https:\/\/www.esplac.cat\/wp-content\/uploads\/2025\/11\/CIM_Valloc.jpg","datePublished":"2025-11-18T14:32:00+00:00","dateModified":"2025-11-18T14:53:06+00:00","description":"\u00c8xit de participaci\u00f3 al Curs d\u2019Iniciaci\u00f3 al Monitoratge del Sector Vall\u00e8s Occidental, un cap de setmana d\u2019aprenentatge i cohesi\u00f3.","breadcrumb":{"@id":"https:\/\/www.esplac.cat\/futures-monis-valles-occidental-reuneixen-cim-aprenentatge-cohesio\/#breadcrumb"},"inLanguage":"es","potentialAction":[{"@type":"ReadAction","target":["https:\/\/www.esplac.cat\/futures-monis-valles-occidental-reuneixen-cim-aprenentatge-cohesio\/"]}]},{"@type":"ImageObject","inLanguage":"es","@id":"https:\/\/www.esplac.cat\/futures-monis-valles-occidental-reuneixen-cim-aprenentatge-cohesio\/#primaryimage","url":"https:\/\/www.esplac.cat\/wp-content\/uploads\/2025\/11\/CIM_Valloc.jpg","contentUrl":"https:\/\/www.esplac.cat\/wp-content\/uploads\/2025\/11\/CIM_Valloc.jpg","width":1697,"height":700,"caption":"CIM"},{"@type":"BreadcrumbList","@id":"https:\/\/www.esplac.cat\/futures-monis-valles-occidental-reuneixen-cim-aprenentatge-cohesio\/#breadcrumb","itemListElement":[{"@type":"ListItem","position":1,"name":"Inici","item":"https:\/\/www.esplac.cat\/es\/"},{"@type":"ListItem","position":2,"name":"Monis i joves del Sector Vall\u00e8s Occidental gaudeixen d&#8217;un cap de setmana d\u2019aprenentatge i cohesi\u00f3"}]},{"@type":"WebSite","@id":"https:\/\/www.esplac.cat\/#website","url":"https:\/\/www.esplac.cat\/","name":"Esplac","description":"Esplais Catalans","publisher":{"@id":"https:\/\/www.esplac.cat\/#organization"},"potentialAction":[{"@type":"SearchAction","target":{"@type":"EntryPoint","urlTemplate":"https:\/\/www.esplac.cat\/?s={search_term_string}"},"query-input":{"@type":"PropertyValueSpecification","valueRequired":true,"valueName":"search_term_string"}}],"inLanguage":"es"},{"@type":"Organization","@id":"https:\/\/www.esplac.cat\/#organization","name":"Esplac","url":"https:\/\/www.esplac.cat\/","logo":{"@type":"ImageObject","inLanguage":"es","@id":"https:\/\/www.esplac.cat\/#\/schema\/logo\/image\/","url":"https:\/\/www.esplac.cat\/wp-content\/uploads\/2019\/08\/logox2.png","contentUrl":"https:\/\/www.esplac.cat\/wp-content\/uploads\/2019\/08\/logox2.png","width":600,"height":295,"caption":"Esplac"},"image":{"@id":"https:\/\/www.esplac.cat\/#\/schema\/logo\/image\/"}},{"@type":"Person","@id":"https:\/\/www.esplac.cat\/#\/schema\/person\/908383cf240be18b68f8855d0583faca","name":"Comunicaci\u00f3 Esplac","image":{"@type":"ImageObject","inLanguage":"es","@id":"https:\/\/secure.gravatar.com\/avatar\/7a4cf8feb412a76ea4a740ca02d95b06b2907b5a6c648c2dd0a1082a093c3141?s=96&d=mm&r=g","url":"https:\/\/secure.gravatar.com\/avatar\/7a4cf8feb412a76ea4a740ca02d95b06b2907b5a6c648c2dd0a1082a093c3141?s=96&d=mm&r=g","contentUrl":"https:\/\/secure.gravatar.com\/avatar\/7a4cf8feb412a76ea4a740ca02d95b06b2907b5a6c648c2dd0a1082a093c3141?s=96&d=mm&r=g","caption":"Comunicaci\u00f3 Esplac"}}]}},"_links":{"self":[{"href":"https:\/\/www.esplac.cat\/es\/wp-json\/wp\/v2\/posts\/54473","targetHints":{"allow":["GET"]}}],"collection":[{"href":"https:\/\/www.esplac.cat\/es\/wp-json\/wp\/v2\/posts"}],"about":[{"href":"https:\/\/www.esplac.cat\/es\/wp-json\/wp\/v2\/types\/post"}],"author":[{"embeddable":true,"href":"https:\/\/www.esplac.cat\/es\/wp-json\/wp\/v2\/users\/3"}],"replies":[{"embeddable":true,"href":"https:\/\/www.esplac.cat\/es\/wp-json\/wp\/v2\/comments?post=54473"}],"version-history":[{"count":5,"href":"https:\/\/www.esplac.cat\/es\/wp-json\/wp\/v2\/posts\/54473\/revisions"}],"predecessor-version":[{"id":54481,"href":"https:\/\/www.esplac.cat\/es\/wp-json\/wp\/v2\/posts\/54473\/revisions\/54481"}],"wp:featuredmedia":[{"embeddable":true,"href":"https:\/\/www.esplac.cat\/es\/wp-json\/wp\/v2\/media\/54475"}],"wp:attachment":[{"href":"https:\/\/www.esplac.cat\/es\/wp-json\/wp\/v2\/media?parent=54473"}],"wp:term":[{"taxonomy":"category","embeddable":true,"href":"https:\/\/www.esplac.cat\/es\/wp-json\/wp\/v2\/categories?post=54473"},{"taxonomy":"post_tag","embeddable":true,"href":"https:\/\/www.esplac.cat\/es\/wp-json\/wp\/v2\/tags?post=54473"}],"curies":[{"name":"wp","href":"https:\/\/api.w.org\/{rel}","templated":true}]}}