{"id":54508,"date":"2025-11-22T09:00:04","date_gmt":"2025-11-22T07:00:04","guid":{"rendered":"https:\/\/www.esplac.cat\/?p=54508"},"modified":"2025-11-21T14:53:13","modified_gmt":"2025-11-21T12:53:13","slug":"posicionament-manifest-contra-desnonament-antic-institut-b9","status":"publish","type":"post","link":"https:\/\/www.esplac.cat\/es\/posicionament-manifest-contra-desnonament-antic-institut-b9\/","title":{"rendered":"Posicionament: manifest contra el desnonament de l\u2019antic institut B9"},"content":{"rendered":"<div class=\"fusion-fullwidth fullwidth-box fusion-builder-row-1 fusion-flex-container has-pattern-background has-mask-background nonhundred-percent-fullwidth non-hundred-percent-height-scrolling\" style=\"--awb-border-radius-top-left:0px;--awb-border-radius-top-right:0px;--awb-border-radius-bottom-right:0px;--awb-border-radius-bottom-left:0px;--awb-flex-wrap:wrap;\" ><div class=\"fusion-builder-row fusion-row fusion-flex-align-items-flex-start fusion-flex-content-wrap\" style=\"max-width:1248px;margin-left: calc(-4% \/ 2 );margin-right: calc(-4% \/ 2 );\"><div class=\"fusion-layout-column fusion_builder_column fusion-builder-column-0 fusion_builder_column_1_1 1_1 fusion-flex-column\" style=\"--awb-bg-size:cover;--awb-width-large:100%;--awb-margin-top-large:0px;--awb-spacing-right-large:1.92%;--awb-margin-bottom-large:20px;--awb-spacing-left-large:1.92%;--awb-width-medium:100%;--awb-order-medium:0;--awb-spacing-right-medium:1.92%;--awb-spacing-left-medium:1.92%;--awb-width-small:100%;--awb-order-small:0;--awb-spacing-right-small:1.92%;--awb-spacing-left-small:1.92%;\"><div class=\"fusion-column-wrapper fusion-column-has-shadow fusion-flex-justify-content-flex-start fusion-content-layout-column\"><div class=\"fusion-text fusion-text-1\"><p>Avui, els monitors i monitores del sector ens pronunciem per denunciar el desnonament de l\u2019antic Institut B9, un espai que durant mesos ha estat una llar per a moltes persones i un exemple viu de solidaritat i cooperaci\u00f3 al nostre barri. On abans hi havia un edifici abandonat i oblidat per l\u2019Ajuntament, la gent hi va posar esfor\u00e7, temps i esperan\u00e7a per construir un espai obert, comunitari i ple de vida.<\/p>\n<p>Aquest desnonament no \u00e9s un fet a\u00efllat: \u00e9s una decisi\u00f3 pol\u00edtica que respon a una manera concreta d\u2019entendre la ciutat. L\u2019Ajuntament de Badalona demostra que no governen per a les necessitats de les ve\u00efnes. Prefereixen edificis buits abans que projectes socials i comunitaris que donen resposta a la precarietat que ells mateixos generen. El desnonament del B9 no \u00e9s nom\u00e9s un atac contra les persones que hi viuen o l\u2019utilitzen, sin\u00f3 tamb\u00e9 contra el dret col\u00b7lectiu a habitar, a crear i a organitzar-nos lliurement. En una Badalona cada cop m\u00e9s sotmesa a la l\u00f2gica del mercat i la por, ens volen fer creure que els espais comunitaris s\u00f3n<br \/>\nil\u00b7leg\u00edtims, que la solidaritat \u00e9s sospitosa i que la dissid\u00e8ncia s\u2019ha de silenciar.<\/p>\n<p>Per\u00f2 nosaltres diem prou. El B9 ha estat un espai de suport mutu, d\u2019activitats culturals, de formaci\u00f3, d\u2019ajuda entre ve\u00efnes i de defensa dels drets socials. Ha estat un refugi davant la indifer\u00e8ncia institucional, una mostra del que pot fer el poble quan s\u2019organitza des de baix. Rebutgem la repressi\u00f3 i denunciem la hipocresia d\u2019un govern que parla de conviv\u00e8ncia mentre expulsa ve\u00efnes del seu barri. Exigim un habitatge digne per a totes les persones que habiten al B9 i a tota la ciutat de Badalona. No acceptarem que la viol\u00e8ncia institucional s\u2019imposi per sobre de les necessitats del poble. Fem una crida a totes les ve\u00efnes, col\u00b7lectius i persones solid\u00e0ries a mobilitzar-se i a fer costat al B9.<\/p>\n<p>L\u2019antic Institut B9 \u00e9s del barri, \u00e9s de totes. El B9 no es toca!<\/p>\n<p><strong>Sector Baix Besos d\u2019Esplais Catalans<\/strong><br \/>\n22 de novembre de 2025<\/p>\n<\/div><div style=\"text-align:center;\"><a class=\"fusion-button button-flat fusion-button-default-size button-default fusion-button-default button-1 fusion-button-default-span fusion-button-default-type\" target=\"_self\" href=\"https:\/\/www.esplac.cat\/wp-content\/uploads\/2025\/11\/Manifest-contra-el-desnonament-de-lantic-institut-B9.pdf\"><span class=\"fusion-button-text\">Descarrega el posicionament!<\/span><\/a><\/div><\/div><\/div><\/div><\/div>\n","protected":false},"excerpt":{"rendered":"","protected":false},"author":3,"featured_media":54513,"comment_status":"closed","ping_status":"closed","sticky":false,"template":"","format":"standard","meta":{"om_disable_all_campaigns":false,"_monsterinsights_skip_tracking":false,"_monsterinsights_sitenote_active":false,"_monsterinsights_sitenote_note":"","_monsterinsights_sitenote_category":0,"_uf_show_specific_survey":0,"_uf_disable_surveys":false,"footnotes":""},"categories":[1127,1132],"tags":[],"class_list":["post-54508","post","type-post","status-publish","format-standard","has-post-thumbnail","hentry","category-comunicats-posicionaments","category-baix-besos"],"yoast_head":"<!-- This site is optimized with the Yoast SEO plugin v27.4 - https:\/\/yoast.com\/product\/yoast-seo-wordpress\/ -->\n<title>Manifest contra el desnonament de l\u2019antic institut B9<\/title>\n<meta name=\"description\" content=\"El Sector Baix Bes\u00f2s den\u00fancia el desnonament de l\u2019antic Institut B9, un espai que ha estat un exemple viu de solidaritat i cooperaci\u00f3.\" \/>\n<meta name=\"robots\" content=\"index, follow, max-snippet:-1, max-image-preview:large, max-video-preview:-1\" \/>\n<link rel=\"canonical\" href=\"https:\/\/www.esplac.cat\/posicionament-manifest-contra-desnonament-antic-institut-b9\/\" \/>\n<meta property=\"og:locale\" content=\"es_ES\" \/>\n<meta property=\"og:type\" content=\"article\" \/>\n<meta property=\"og:title\" content=\"Manifest contra el desnonament de l\u2019antic institut B9\" \/>\n<meta property=\"og:description\" content=\"El Sector Baix Bes\u00f2s den\u00fancia el desnonament de l\u2019antic Institut B9, un espai que ha estat un exemple viu de solidaritat i cooperaci\u00f3.\" \/>\n<meta property=\"og:url\" content=\"https:\/\/www.esplac.cat\/posicionament-manifest-contra-desnonament-antic-institut-b9\/\" \/>\n<meta property=\"og:site_name\" content=\"Esplac\" \/>\n<meta property=\"article:published_time\" content=\"2025-11-22T07:00:04+00:00\" \/>\n<meta property=\"og:image\" content=\"https:\/\/www.esplac.cat\/wp-content\/uploads\/2025\/11\/Posicionament_BBS.jpg\" \/>\n\t<meta property=\"og:image:width\" content=\"1697\" \/>\n\t<meta property=\"og:image:height\" content=\"700\" \/>\n\t<meta property=\"og:image:type\" content=\"image\/jpeg\" \/>\n<meta name=\"author\" content=\"Comunicaci\u00f3 Esplac\" \/>\n<meta name=\"twitter:card\" content=\"summary_large_image\" \/>\n<meta name=\"twitter:label1\" content=\"Escrito por\" \/>\n\t<meta name=\"twitter:data1\" content=\"Comunicaci\u00f3 Esplac\" \/>\n\t<meta name=\"twitter:label2\" content=\"Tiempo de lectura\" \/>\n\t<meta name=\"twitter:data2\" content=\"3 minutos\" \/>\n<script type=\"application\/ld+json\" class=\"yoast-schema-graph\">{\"@context\":\"https:\\\/\\\/schema.org\",\"@graph\":[{\"@type\":\"Article\",\"@id\":\"https:\\\/\\\/www.esplac.cat\\\/posicionament-manifest-contra-desnonament-antic-institut-b9\\\/#article\",\"isPartOf\":{\"@id\":\"https:\\\/\\\/www.esplac.cat\\\/posicionament-manifest-contra-desnonament-antic-institut-b9\\\/\"},\"author\":{\"name\":\"Comunicaci\u00f3 Esplac\",\"@id\":\"https:\\\/\\\/www.esplac.cat\\\/#\\\/schema\\\/person\\\/908383cf240be18b68f8855d0583faca\"},\"headline\":\"Posicionament: manifest contra el desnonament de l\u2019antic institut B9\",\"datePublished\":\"2025-11-22T07:00:04+00:00\",\"mainEntityOfPage\":{\"@id\":\"https:\\\/\\\/www.esplac.cat\\\/posicionament-manifest-contra-desnonament-antic-institut-b9\\\/\"},\"wordCount\":1509,\"publisher\":{\"@id\":\"https:\\\/\\\/www.esplac.cat\\\/#organization\"},\"image\":{\"@id\":\"https:\\\/\\\/www.esplac.cat\\\/posicionament-manifest-contra-desnonament-antic-institut-b9\\\/#primaryimage\"},\"thumbnailUrl\":\"https:\\\/\\\/www.esplac.cat\\\/wp-content\\\/uploads\\\/2025\\\/11\\\/Posicionament_BBS.jpg\",\"articleSection\":[\"Comunicats i posicionaments\",\"Sector Baix Bes\u00f2s\"],\"inLanguage\":\"es\"},{\"@type\":\"WebPage\",\"@id\":\"https:\\\/\\\/www.esplac.cat\\\/posicionament-manifest-contra-desnonament-antic-institut-b9\\\/\",\"url\":\"https:\\\/\\\/www.esplac.cat\\\/posicionament-manifest-contra-desnonament-antic-institut-b9\\\/\",\"name\":\"Manifest contra el desnonament de l\u2019antic institut B9\",\"isPartOf\":{\"@id\":\"https:\\\/\\\/www.esplac.cat\\\/#website\"},\"primaryImageOfPage\":{\"@id\":\"https:\\\/\\\/www.esplac.cat\\\/posicionament-manifest-contra-desnonament-antic-institut-b9\\\/#primaryimage\"},\"image\":{\"@id\":\"https:\\\/\\\/www.esplac.cat\\\/posicionament-manifest-contra-desnonament-antic-institut-b9\\\/#primaryimage\"},\"thumbnailUrl\":\"https:\\\/\\\/www.esplac.cat\\\/wp-content\\\/uploads\\\/2025\\\/11\\\/Posicionament_BBS.jpg\",\"datePublished\":\"2025-11-22T07:00:04+00:00\",\"description\":\"El Sector Baix Bes\u00f2s den\u00fancia el desnonament de l\u2019antic Institut B9, un espai que ha estat un exemple viu de solidaritat i cooperaci\u00f3.\",\"breadcrumb\":{\"@id\":\"https:\\\/\\\/www.esplac.cat\\\/posicionament-manifest-contra-desnonament-antic-institut-b9\\\/#breadcrumb\"},\"inLanguage\":\"es\",\"potentialAction\":[{\"@type\":\"ReadAction\",\"target\":[\"https:\\\/\\\/www.esplac.cat\\\/posicionament-manifest-contra-desnonament-antic-institut-b9\\\/\"]}]},{\"@type\":\"ImageObject\",\"inLanguage\":\"es\",\"@id\":\"https:\\\/\\\/www.esplac.cat\\\/posicionament-manifest-contra-desnonament-antic-institut-b9\\\/#primaryimage\",\"url\":\"https:\\\/\\\/www.esplac.cat\\\/wp-content\\\/uploads\\\/2025\\\/11\\\/Posicionament_BBS.jpg\",\"contentUrl\":\"https:\\\/\\\/www.esplac.cat\\\/wp-content\\\/uploads\\\/2025\\\/11\\\/Posicionament_BBS.jpg\",\"width\":1697,\"height\":700,\"caption\":\"desnonament\"},{\"@type\":\"BreadcrumbList\",\"@id\":\"https:\\\/\\\/www.esplac.cat\\\/posicionament-manifest-contra-desnonament-antic-institut-b9\\\/#breadcrumb\",\"itemListElement\":[{\"@type\":\"ListItem\",\"position\":1,\"name\":\"Inici\",\"item\":\"https:\\\/\\\/www.esplac.cat\\\/es\\\/\"},{\"@type\":\"ListItem\",\"position\":2,\"name\":\"Posicionament: manifest contra el desnonament de l\u2019antic institut B9\"}]},{\"@type\":\"WebSite\",\"@id\":\"https:\\\/\\\/www.esplac.cat\\\/#website\",\"url\":\"https:\\\/\\\/www.esplac.cat\\\/\",\"name\":\"Esplac\",\"description\":\"Esplais Catalans\",\"publisher\":{\"@id\":\"https:\\\/\\\/www.esplac.cat\\\/#organization\"},\"potentialAction\":[{\"@type\":\"SearchAction\",\"target\":{\"@type\":\"EntryPoint\",\"urlTemplate\":\"https:\\\/\\\/www.esplac.cat\\\/?s={search_term_string}\"},\"query-input\":{\"@type\":\"PropertyValueSpecification\",\"valueRequired\":true,\"valueName\":\"search_term_string\"}}],\"inLanguage\":\"es\"},{\"@type\":\"Organization\",\"@id\":\"https:\\\/\\\/www.esplac.cat\\\/#organization\",\"name\":\"Esplac\",\"url\":\"https:\\\/\\\/www.esplac.cat\\\/\",\"logo\":{\"@type\":\"ImageObject\",\"inLanguage\":\"es\",\"@id\":\"https:\\\/\\\/www.esplac.cat\\\/#\\\/schema\\\/logo\\\/image\\\/\",\"url\":\"https:\\\/\\\/www.esplac.cat\\\/wp-content\\\/uploads\\\/2019\\\/08\\\/logox2.png\",\"contentUrl\":\"https:\\\/\\\/www.esplac.cat\\\/wp-content\\\/uploads\\\/2019\\\/08\\\/logox2.png\",\"width\":600,\"height\":295,\"caption\":\"Esplac\"},\"image\":{\"@id\":\"https:\\\/\\\/www.esplac.cat\\\/#\\\/schema\\\/logo\\\/image\\\/\"}},{\"@type\":\"Person\",\"@id\":\"https:\\\/\\\/www.esplac.cat\\\/#\\\/schema\\\/person\\\/908383cf240be18b68f8855d0583faca\",\"name\":\"Comunicaci\u00f3 Esplac\",\"image\":{\"@type\":\"ImageObject\",\"inLanguage\":\"es\",\"@id\":\"https:\\\/\\\/secure.gravatar.com\\\/avatar\\\/7a4cf8feb412a76ea4a740ca02d95b06b2907b5a6c648c2dd0a1082a093c3141?s=96&d=mm&r=g\",\"url\":\"https:\\\/\\\/secure.gravatar.com\\\/avatar\\\/7a4cf8feb412a76ea4a740ca02d95b06b2907b5a6c648c2dd0a1082a093c3141?s=96&d=mm&r=g\",\"contentUrl\":\"https:\\\/\\\/secure.gravatar.com\\\/avatar\\\/7a4cf8feb412a76ea4a740ca02d95b06b2907b5a6c648c2dd0a1082a093c3141?s=96&d=mm&r=g\",\"caption\":\"Comunicaci\u00f3 Esplac\"}}]}<\/script>\n<!-- \/ Yoast SEO plugin. -->","yoast_head_json":{"title":"Manifest contra el desnonament de l\u2019antic institut B9","description":"El Sector Baix Bes\u00f2s den\u00fancia el desnonament de l\u2019antic Institut B9, un espai que ha estat un exemple viu de solidaritat i cooperaci\u00f3.","robots":{"index":"index","follow":"follow","max-snippet":"max-snippet:-1","max-image-preview":"max-image-preview:large","max-video-preview":"max-video-preview:-1"},"canonical":"https:\/\/www.esplac.cat\/posicionament-manifest-contra-desnonament-antic-institut-b9\/","og_locale":"es_ES","og_type":"article","og_title":"Manifest contra el desnonament de l\u2019antic institut B9","og_description":"El Sector Baix Bes\u00f2s den\u00fancia el desnonament de l\u2019antic Institut B9, un espai que ha estat un exemple viu de solidaritat i cooperaci\u00f3.","og_url":"https:\/\/www.esplac.cat\/posicionament-manifest-contra-desnonament-antic-institut-b9\/","og_site_name":"Esplac","article_published_time":"2025-11-22T07:00:04+00:00","og_image":[{"width":1697,"height":700,"url":"https:\/\/www.esplac.cat\/wp-content\/uploads\/2025\/11\/Posicionament_BBS.jpg","type":"image\/jpeg"}],"author":"Comunicaci\u00f3 Esplac","twitter_card":"summary_large_image","twitter_misc":{"Escrito por":"Comunicaci\u00f3 Esplac","Tiempo de lectura":"3 minutos"},"schema":{"@context":"https:\/\/schema.org","@graph":[{"@type":"Article","@id":"https:\/\/www.esplac.cat\/posicionament-manifest-contra-desnonament-antic-institut-b9\/#article","isPartOf":{"@id":"https:\/\/www.esplac.cat\/posicionament-manifest-contra-desnonament-antic-institut-b9\/"},"author":{"name":"Comunicaci\u00f3 Esplac","@id":"https:\/\/www.esplac.cat\/#\/schema\/person\/908383cf240be18b68f8855d0583faca"},"headline":"Posicionament: manifest contra el desnonament de l\u2019antic institut B9","datePublished":"2025-11-22T07:00:04+00:00","mainEntityOfPage":{"@id":"https:\/\/www.esplac.cat\/posicionament-manifest-contra-desnonament-antic-institut-b9\/"},"wordCount":1509,"publisher":{"@id":"https:\/\/www.esplac.cat\/#organization"},"image":{"@id":"https:\/\/www.esplac.cat\/posicionament-manifest-contra-desnonament-antic-institut-b9\/#primaryimage"},"thumbnailUrl":"https:\/\/www.esplac.cat\/wp-content\/uploads\/2025\/11\/Posicionament_BBS.jpg","articleSection":["Comunicats i posicionaments","Sector Baix Bes\u00f2s"],"inLanguage":"es"},{"@type":"WebPage","@id":"https:\/\/www.esplac.cat\/posicionament-manifest-contra-desnonament-antic-institut-b9\/","url":"https:\/\/www.esplac.cat\/posicionament-manifest-contra-desnonament-antic-institut-b9\/","name":"Manifest contra el desnonament de l\u2019antic institut B9","isPartOf":{"@id":"https:\/\/www.esplac.cat\/#website"},"primaryImageOfPage":{"@id":"https:\/\/www.esplac.cat\/posicionament-manifest-contra-desnonament-antic-institut-b9\/#primaryimage"},"image":{"@id":"https:\/\/www.esplac.cat\/posicionament-manifest-contra-desnonament-antic-institut-b9\/#primaryimage"},"thumbnailUrl":"https:\/\/www.esplac.cat\/wp-content\/uploads\/2025\/11\/Posicionament_BBS.jpg","datePublished":"2025-11-22T07:00:04+00:00","description":"El Sector Baix Bes\u00f2s den\u00fancia el desnonament de l\u2019antic Institut B9, un espai que ha estat un exemple viu de solidaritat i cooperaci\u00f3.","breadcrumb":{"@id":"https:\/\/www.esplac.cat\/posicionament-manifest-contra-desnonament-antic-institut-b9\/#breadcrumb"},"inLanguage":"es","potentialAction":[{"@type":"ReadAction","target":["https:\/\/www.esplac.cat\/posicionament-manifest-contra-desnonament-antic-institut-b9\/"]}]},{"@type":"ImageObject","inLanguage":"es","@id":"https:\/\/www.esplac.cat\/posicionament-manifest-contra-desnonament-antic-institut-b9\/#primaryimage","url":"https:\/\/www.esplac.cat\/wp-content\/uploads\/2025\/11\/Posicionament_BBS.jpg","contentUrl":"https:\/\/www.esplac.cat\/wp-content\/uploads\/2025\/11\/Posicionament_BBS.jpg","width":1697,"height":700,"caption":"desnonament"},{"@type":"BreadcrumbList","@id":"https:\/\/www.esplac.cat\/posicionament-manifest-contra-desnonament-antic-institut-b9\/#breadcrumb","itemListElement":[{"@type":"ListItem","position":1,"name":"Inici","item":"https:\/\/www.esplac.cat\/es\/"},{"@type":"ListItem","position":2,"name":"Posicionament: manifest contra el desnonament de l\u2019antic institut B9"}]},{"@type":"WebSite","@id":"https:\/\/www.esplac.cat\/#website","url":"https:\/\/www.esplac.cat\/","name":"Esplac","description":"Esplais Catalans","publisher":{"@id":"https:\/\/www.esplac.cat\/#organization"},"potentialAction":[{"@type":"SearchAction","target":{"@type":"EntryPoint","urlTemplate":"https:\/\/www.esplac.cat\/?s={search_term_string}"},"query-input":{"@type":"PropertyValueSpecification","valueRequired":true,"valueName":"search_term_string"}}],"inLanguage":"es"},{"@type":"Organization","@id":"https:\/\/www.esplac.cat\/#organization","name":"Esplac","url":"https:\/\/www.esplac.cat\/","logo":{"@type":"ImageObject","inLanguage":"es","@id":"https:\/\/www.esplac.cat\/#\/schema\/logo\/image\/","url":"https:\/\/www.esplac.cat\/wp-content\/uploads\/2019\/08\/logox2.png","contentUrl":"https:\/\/www.esplac.cat\/wp-content\/uploads\/2019\/08\/logox2.png","width":600,"height":295,"caption":"Esplac"},"image":{"@id":"https:\/\/www.esplac.cat\/#\/schema\/logo\/image\/"}},{"@type":"Person","@id":"https:\/\/www.esplac.cat\/#\/schema\/person\/908383cf240be18b68f8855d0583faca","name":"Comunicaci\u00f3 Esplac","image":{"@type":"ImageObject","inLanguage":"es","@id":"https:\/\/secure.gravatar.com\/avatar\/7a4cf8feb412a76ea4a740ca02d95b06b2907b5a6c648c2dd0a1082a093c3141?s=96&d=mm&r=g","url":"https:\/\/secure.gravatar.com\/avatar\/7a4cf8feb412a76ea4a740ca02d95b06b2907b5a6c648c2dd0a1082a093c3141?s=96&d=mm&r=g","contentUrl":"https:\/\/secure.gravatar.com\/avatar\/7a4cf8feb412a76ea4a740ca02d95b06b2907b5a6c648c2dd0a1082a093c3141?s=96&d=mm&r=g","caption":"Comunicaci\u00f3 Esplac"}}]}},"_links":{"self":[{"href":"https:\/\/www.esplac.cat\/es\/wp-json\/wp\/v2\/posts\/54508","targetHints":{"allow":["GET"]}}],"collection":[{"href":"https:\/\/www.esplac.cat\/es\/wp-json\/wp\/v2\/posts"}],"about":[{"href":"https:\/\/www.esplac.cat\/es\/wp-json\/wp\/v2\/types\/post"}],"author":[{"embeddable":true,"href":"https:\/\/www.esplac.cat\/es\/wp-json\/wp\/v2\/users\/3"}],"replies":[{"embeddable":true,"href":"https:\/\/www.esplac.cat\/es\/wp-json\/wp\/v2\/comments?post=54508"}],"version-history":[{"count":3,"href":"https:\/\/www.esplac.cat\/es\/wp-json\/wp\/v2\/posts\/54508\/revisions"}],"predecessor-version":[{"id":54517,"href":"https:\/\/www.esplac.cat\/es\/wp-json\/wp\/v2\/posts\/54508\/revisions\/54517"}],"wp:featuredmedia":[{"embeddable":true,"href":"https:\/\/www.esplac.cat\/es\/wp-json\/wp\/v2\/media\/54513"}],"wp:attachment":[{"href":"https:\/\/www.esplac.cat\/es\/wp-json\/wp\/v2\/media?parent=54508"}],"wp:term":[{"taxonomy":"category","embeddable":true,"href":"https:\/\/www.esplac.cat\/es\/wp-json\/wp\/v2\/categories?post=54508"},{"taxonomy":"post_tag","embeddable":true,"href":"https:\/\/www.esplac.cat\/es\/wp-json\/wp\/v2\/tags?post=54508"}],"curies":[{"name":"wp","href":"https:\/\/api.w.org\/{rel}","templated":true}]}}