{"id":54900,"date":"2025-12-12T13:16:13","date_gmt":"2025-12-12T11:16:13","guid":{"rendered":"https:\/\/www.esplac.cat\/?p=54900"},"modified":"2025-12-12T13:17:58","modified_gmt":"2025-12-12T11:17:58","slug":"presentem-imatge-grafica-monifestat-2026","status":"publish","type":"post","link":"https:\/\/www.esplac.cat\/es\/presentem-imatge-grafica-monifestat-2026\/","title":{"rendered":"Presentem la imatge gr\u00e0fica de la Monifesta\u2019t 2026"},"content":{"rendered":"<div class=\"fusion-fullwidth fullwidth-box fusion-builder-row-1 fusion-flex-container has-pattern-background has-mask-background nonhundred-percent-fullwidth non-hundred-percent-height-scrolling\" style=\"--awb-border-radius-top-left:0px;--awb-border-radius-top-right:0px;--awb-border-radius-bottom-right:0px;--awb-border-radius-bottom-left:0px;--awb-flex-wrap:wrap;\" ><div class=\"fusion-builder-row fusion-row fusion-flex-align-items-flex-start fusion-flex-content-wrap\" style=\"max-width:1248px;margin-left: calc(-4% \/ 2 );margin-right: calc(-4% \/ 2 );\"><div class=\"fusion-layout-column fusion_builder_column fusion-builder-column-0 fusion_builder_column_1_1 1_1 fusion-flex-column\" style=\"--awb-bg-size:cover;--awb-width-large:100%;--awb-margin-top-large:0px;--awb-spacing-right-large:1.92%;--awb-margin-bottom-large:20px;--awb-spacing-left-large:1.92%;--awb-width-medium:100%;--awb-order-medium:0;--awb-spacing-right-medium:1.92%;--awb-spacing-left-medium:1.92%;--awb-width-small:100%;--awb-order-small:0;--awb-spacing-right-small:1.92%;--awb-spacing-left-small:1.92%;\"><div class=\"fusion-column-wrapper fusion-column-has-shadow fusion-flex-justify-content-flex-start fusion-content-layout-column\"><div class=\"fusion-text fusion-text-1\"><h6><span style=\"font-weight: 400;\">Aquest 2026 se celebra una nova edici\u00f3 de la Monifesta\u2019t, la trobada de monitores i monitors d\u2019Esplais Catalans.<\/span><\/h6>\n<p><span style=\"font-weight: 300;\">Els dies <\/span><b>8, 9 i 10 de maig del 2026<\/b><span style=\"font-weight: 300;\"> tindr\u00e0 lloc a <\/span><b>Manresa<\/b><span style=\"font-weight: 300;\"> una nova edici\u00f3 de la <\/span><span style=\"color: #f69d0b;\"><a style=\"color: #f69d0b;\" href=\"https:\/\/www.esplac.cat\/trobades\/monifestat\/\" target=\"_blank\" rel=\"noopener\"><b>Monifesta\u2019t<\/b><\/a><\/span><span style=\"font-weight: 300;\">, la trobada general de les <\/span><b>monitores i monitors d\u2019Esplac<\/b><span style=\"font-weight: 300;\">. L\u2019esdeveniment, que se celebra cada tres anys, torna amb molta for\u00e7a i uns objectius formatius comuns.\u00a0<\/span><\/p>\n<p><span style=\"font-weight: 300;\">La Monifesta\u2019t 2026 girar\u00e0 al voltant del lema <\/span><b>\u201cEsplais cr\u00edtics, revisem el nostre llegat\u201d<\/b><span style=\"font-weight: 300;\">, seguint els objectius plantejats pel Grup de Treball d\u2019acord amb els <strong><a href=\"http:\/\/esplac.cat\/qui-som\/#missio\" target=\"_blank\" rel=\"noopener\"><span style=\"color: #f69d0b;\">valors de l&#8217;associaci\u00f3<\/span><\/a><\/strong>. La globalitzaci\u00f3 ha convertit el m\u00f3n en <\/span><b>un espai cada cop m\u00e9s complex<\/b><span style=\"font-weight: 300;\">, on els canvis s\u00f3n constants i sovint bruscos. En un context marcat per l\u2019augment de les desigualtats, els discursos i delictes d\u2019odi, la p\u00e8rdua de drets, el creixement de l\u2019individualisme i l\u2019erosi\u00f3 del sentit de comunitat, <\/span><b>fer esplai esdev\u00e9 un repte cada vegada m\u00e9s gran<\/b><span style=\"font-weight: 300;\">. Malgrat aix\u00f2, sense perdre de vista la nostra ess\u00e8ncia, ens preguntem: <\/span><b>Com eduquem? Com apliquem realment les nostres l\u00ednies pedag\u00f2giques? Quin paper pot jugar l\u2019esplai en aquesta societat cada cop m\u00e9s hostil?<\/b><\/p>\n<p><span style=\"font-weight: 300;\">Aquesta edici\u00f3 de la Monifesta\u2019t posar\u00e0 l\u2019\u00e8mfasi en les <\/span><b>pr\u00e0ctiques educatives quotidianes<\/b><span style=\"font-weight: 300;\">. Aix\u00ed doncs, la trobada pret\u00e9n enfortir les l\u00ednies pedag\u00f2giques comunes dels esplais i contribuir a l\u2019aplicaci\u00f3 dels valors comuns en les pr\u00e0ctiques quotidianes.<\/span><\/p>\n<p><span style=\"font-weight: 300;\">La Monifesta\u2019t, a m\u00e9s, \u00e9s un <\/span><b>espai de trobada i cohesi\u00f3<\/b><span style=\"font-weight: 300;\"> on fomentar l\u2019intercanvi d\u2019experi\u00e8ncies i bones pr\u00e0ctiques entre participants. Persones d\u2019arreu del Principat es trobaran en un <\/span><b>cap de setmana formatiu i l\u00fadico-festiu<\/b><span style=\"font-weight: 300;\">, que tamb\u00e9 permetr\u00e0 als esplais desplegar una campanya econ\u00f2mica per a desenvolupar projectes propis.<\/span><\/p>\n<p><span style=\"font-weight: 300;\">El disseny del cartell i la imatge gr\u00e0fica de la Monifesta\u2019t 2026 \u00e9s obra de la dissenyadora <\/span><a href=\"https:\/\/www.instagram.com\/mariacafi_art\/\" target=\"_blank\" rel=\"noopener\"><b><span style=\"color: #f69d0b;\">Maria Ca\u00f1ado<\/span><\/b><\/a><span style=\"font-weight: 300;\">.\u00a0<\/span><\/p>\n<p><span style=\"font-weight: 300;\">Les inscripcions a la Monifesta\u2019t s\u2019obriran el dia <\/span><b>9 de febrer de 2026<\/b><span style=\"font-weight: 300;\"> i les monitores i monitors s\u2019hi podran inscriure a trav\u00e9s de l\u2019espai digital de l\u2019<strong><a href=\"https:\/\/era.esplac.cat\/#\/inici\" target=\"_blank\" rel=\"noopener\"><span style=\"color: #f69d0b;\">Era<\/span><\/a>.<\/strong> Durant les jornades tamb\u00e9 hi haur\u00e0 espais oberts a tota la poblaci\u00f3 que s&#8217;especificaran m\u00e9s endavant quan es presenti el programa.<\/span><\/p>\n<p><span style=\"font-weight: 300;\">Trobareu m\u00e9s informaci\u00f3 i noves actualitzacions a l\u2019<strong><a href=\"https:\/\/www.esplac.cat\/trobades\/monifestat\/\" target=\"_blank\" rel=\"noopener\"><span style=\"color: #f69d0b;\">apartat<\/span><\/a><\/strong> de la web de l\u2019Esplac.<\/span><\/p>\n<\/div><div style=\"text-align:center;\"><a class=\"fusion-button button-flat fusion-button-default-size button-default fusion-button-default button-1 fusion-button-default-span fusion-button-default-type\" target=\"_self\" href=\"https:\/\/www.esplac.cat\/trobades\/monifestat\/\"><i class=\"fa-arrow-circle-right fas button-icon-left\" aria-hidden=\"true\"><\/i><span class=\"fusion-button-text\">M\u00e9s informaci\u00f3 de la Monifesta&#8217;t 2026<\/span><\/a><\/div><\/div><\/div><\/div><\/div>\n","protected":false},"excerpt":{"rendered":"","protected":false},"author":3,"featured_media":54901,"comment_status":"closed","ping_status":"closed","sticky":false,"template":"","format":"standard","meta":{"om_disable_all_campaigns":false,"_monsterinsights_skip_tracking":false,"_monsterinsights_sitenote_active":false,"_monsterinsights_sitenote_note":"","_monsterinsights_sitenote_category":0,"_uf_show_specific_survey":0,"_uf_disable_surveys":false,"footnotes":""},"categories":[1111,1115],"tags":[],"class_list":["post-54900","post","type-post","status-publish","format-standard","has-post-thumbnail","hentry","category-activitats-esplac","category-monifestat"],"yoast_head":"<!-- This site is optimized with the Yoast SEO plugin v27.5 - https:\/\/yoast.com\/product\/yoast-seo-wordpress\/ -->\n<title>Monifesta&#039;t 2026 - Presentaci\u00f3 imatge gr\u00e0fica<\/title>\n<meta name=\"description\" content=\"Aquest 2026 se celebra una nova edici\u00f3 de la Monifesta\u2019t, la trobada de monitores i monitors d\u2019Esplais Catalans.\" \/>\n<meta name=\"robots\" content=\"index, follow, max-snippet:-1, max-image-preview:large, max-video-preview:-1\" \/>\n<link rel=\"canonical\" href=\"https:\/\/www.esplac.cat\/presentem-imatge-grafica-monifestat-2026\/\" \/>\n<meta property=\"og:locale\" content=\"es_ES\" \/>\n<meta property=\"og:type\" content=\"article\" \/>\n<meta property=\"og:title\" content=\"Monifesta&#039;t 2026 - Presentaci\u00f3 imatge gr\u00e0fica\" \/>\n<meta property=\"og:description\" content=\"Aquest 2026 se celebra una nova edici\u00f3 de la Monifesta\u2019t, la trobada de monitores i monitors d\u2019Esplais Catalans.\" \/>\n<meta property=\"og:url\" content=\"https:\/\/www.esplac.cat\/presentem-imatge-grafica-monifestat-2026\/\" \/>\n<meta property=\"og:site_name\" content=\"Esplac\" \/>\n<meta property=\"article:published_time\" content=\"2025-12-12T11:16:13+00:00\" \/>\n<meta property=\"article:modified_time\" content=\"2025-12-12T11:17:58+00:00\" \/>\n<meta property=\"og:image\" content=\"https:\/\/www.esplac.cat\/wp-content\/uploads\/2025\/12\/Banner-web_Monifestat_2026.jpg\" \/>\n\t<meta property=\"og:image:width\" content=\"1625\" \/>\n\t<meta property=\"og:image:height\" content=\"667\" \/>\n\t<meta property=\"og:image:type\" content=\"image\/jpeg\" \/>\n<meta name=\"author\" content=\"Comunicaci\u00f3 Esplac\" \/>\n<meta name=\"twitter:card\" content=\"summary_large_image\" \/>\n<meta name=\"twitter:label1\" content=\"Escrito por\" \/>\n\t<meta name=\"twitter:data1\" content=\"Comunicaci\u00f3 Esplac\" \/>\n\t<meta name=\"twitter:label2\" content=\"Tiempo de lectura\" \/>\n\t<meta name=\"twitter:data2\" content=\"3 minutos\" \/>\n<script type=\"application\/ld+json\" class=\"yoast-schema-graph\">{\"@context\":\"https:\\\/\\\/schema.org\",\"@graph\":[{\"@type\":\"Article\",\"@id\":\"https:\\\/\\\/www.esplac.cat\\\/presentem-imatge-grafica-monifestat-2026\\\/#article\",\"isPartOf\":{\"@id\":\"https:\\\/\\\/www.esplac.cat\\\/presentem-imatge-grafica-monifestat-2026\\\/\"},\"author\":{\"name\":\"Comunicaci\u00f3 Esplac\",\"@id\":\"https:\\\/\\\/www.esplac.cat\\\/#\\\/schema\\\/person\\\/908383cf240be18b68f8855d0583faca\"},\"headline\":\"Presentem la imatge gr\u00e0fica de la Monifesta\u2019t 2026\",\"datePublished\":\"2025-12-12T11:16:13+00:00\",\"dateModified\":\"2025-12-12T11:17:58+00:00\",\"mainEntityOfPage\":{\"@id\":\"https:\\\/\\\/www.esplac.cat\\\/presentem-imatge-grafica-monifestat-2026\\\/\"},\"wordCount\":1537,\"publisher\":{\"@id\":\"https:\\\/\\\/www.esplac.cat\\\/#organization\"},\"image\":{\"@id\":\"https:\\\/\\\/www.esplac.cat\\\/presentem-imatge-grafica-monifestat-2026\\\/#primaryimage\"},\"thumbnailUrl\":\"https:\\\/\\\/www.esplac.cat\\\/wp-content\\\/uploads\\\/2025\\\/12\\\/Banner-web_Monifestat_2026.jpg\",\"articleSection\":[\"Activitats esplac\",\"Monifesta't\"],\"inLanguage\":\"es\"},{\"@type\":\"WebPage\",\"@id\":\"https:\\\/\\\/www.esplac.cat\\\/presentem-imatge-grafica-monifestat-2026\\\/\",\"url\":\"https:\\\/\\\/www.esplac.cat\\\/presentem-imatge-grafica-monifestat-2026\\\/\",\"name\":\"Monifesta't 2026 - Presentaci\u00f3 imatge gr\u00e0fica\",\"isPartOf\":{\"@id\":\"https:\\\/\\\/www.esplac.cat\\\/#website\"},\"primaryImageOfPage\":{\"@id\":\"https:\\\/\\\/www.esplac.cat\\\/presentem-imatge-grafica-monifestat-2026\\\/#primaryimage\"},\"image\":{\"@id\":\"https:\\\/\\\/www.esplac.cat\\\/presentem-imatge-grafica-monifestat-2026\\\/#primaryimage\"},\"thumbnailUrl\":\"https:\\\/\\\/www.esplac.cat\\\/wp-content\\\/uploads\\\/2025\\\/12\\\/Banner-web_Monifestat_2026.jpg\",\"datePublished\":\"2025-12-12T11:16:13+00:00\",\"dateModified\":\"2025-12-12T11:17:58+00:00\",\"description\":\"Aquest 2026 se celebra una nova edici\u00f3 de la Monifesta\u2019t, la trobada de monitores i monitors d\u2019Esplais Catalans.\",\"breadcrumb\":{\"@id\":\"https:\\\/\\\/www.esplac.cat\\\/presentem-imatge-grafica-monifestat-2026\\\/#breadcrumb\"},\"inLanguage\":\"es\",\"potentialAction\":[{\"@type\":\"ReadAction\",\"target\":[\"https:\\\/\\\/www.esplac.cat\\\/presentem-imatge-grafica-monifestat-2026\\\/\"]}]},{\"@type\":\"ImageObject\",\"inLanguage\":\"es\",\"@id\":\"https:\\\/\\\/www.esplac.cat\\\/presentem-imatge-grafica-monifestat-2026\\\/#primaryimage\",\"url\":\"https:\\\/\\\/www.esplac.cat\\\/wp-content\\\/uploads\\\/2025\\\/12\\\/Banner-web_Monifestat_2026.jpg\",\"contentUrl\":\"https:\\\/\\\/www.esplac.cat\\\/wp-content\\\/uploads\\\/2025\\\/12\\\/Banner-web_Monifestat_2026.jpg\",\"width\":1625,\"height\":667},{\"@type\":\"BreadcrumbList\",\"@id\":\"https:\\\/\\\/www.esplac.cat\\\/presentem-imatge-grafica-monifestat-2026\\\/#breadcrumb\",\"itemListElement\":[{\"@type\":\"ListItem\",\"position\":1,\"name\":\"Inici\",\"item\":\"https:\\\/\\\/www.esplac.cat\\\/es\\\/\"},{\"@type\":\"ListItem\",\"position\":2,\"name\":\"Presentem la imatge gr\u00e0fica de la Monifesta\u2019t 2026\"}]},{\"@type\":\"WebSite\",\"@id\":\"https:\\\/\\\/www.esplac.cat\\\/#website\",\"url\":\"https:\\\/\\\/www.esplac.cat\\\/\",\"name\":\"Esplac\",\"description\":\"Esplais Catalans\",\"publisher\":{\"@id\":\"https:\\\/\\\/www.esplac.cat\\\/#organization\"},\"potentialAction\":[{\"@type\":\"SearchAction\",\"target\":{\"@type\":\"EntryPoint\",\"urlTemplate\":\"https:\\\/\\\/www.esplac.cat\\\/?s={search_term_string}\"},\"query-input\":{\"@type\":\"PropertyValueSpecification\",\"valueRequired\":true,\"valueName\":\"search_term_string\"}}],\"inLanguage\":\"es\"},{\"@type\":\"Organization\",\"@id\":\"https:\\\/\\\/www.esplac.cat\\\/#organization\",\"name\":\"Esplac\",\"url\":\"https:\\\/\\\/www.esplac.cat\\\/\",\"logo\":{\"@type\":\"ImageObject\",\"inLanguage\":\"es\",\"@id\":\"https:\\\/\\\/www.esplac.cat\\\/#\\\/schema\\\/logo\\\/image\\\/\",\"url\":\"https:\\\/\\\/www.esplac.cat\\\/wp-content\\\/uploads\\\/2019\\\/08\\\/logox2.png\",\"contentUrl\":\"https:\\\/\\\/www.esplac.cat\\\/wp-content\\\/uploads\\\/2019\\\/08\\\/logox2.png\",\"width\":600,\"height\":295,\"caption\":\"Esplac\"},\"image\":{\"@id\":\"https:\\\/\\\/www.esplac.cat\\\/#\\\/schema\\\/logo\\\/image\\\/\"}},{\"@type\":\"Person\",\"@id\":\"https:\\\/\\\/www.esplac.cat\\\/#\\\/schema\\\/person\\\/908383cf240be18b68f8855d0583faca\",\"name\":\"Comunicaci\u00f3 Esplac\",\"image\":{\"@type\":\"ImageObject\",\"inLanguage\":\"es\",\"@id\":\"https:\\\/\\\/secure.gravatar.com\\\/avatar\\\/7a4cf8feb412a76ea4a740ca02d95b06b2907b5a6c648c2dd0a1082a093c3141?s=96&d=mm&r=g\",\"url\":\"https:\\\/\\\/secure.gravatar.com\\\/avatar\\\/7a4cf8feb412a76ea4a740ca02d95b06b2907b5a6c648c2dd0a1082a093c3141?s=96&d=mm&r=g\",\"contentUrl\":\"https:\\\/\\\/secure.gravatar.com\\\/avatar\\\/7a4cf8feb412a76ea4a740ca02d95b06b2907b5a6c648c2dd0a1082a093c3141?s=96&d=mm&r=g\",\"caption\":\"Comunicaci\u00f3 Esplac\"}}]}<\/script>\n<!-- \/ Yoast SEO plugin. -->","yoast_head_json":{"title":"Monifesta't 2026 - Presentaci\u00f3 imatge gr\u00e0fica","description":"Aquest 2026 se celebra una nova edici\u00f3 de la Monifesta\u2019t, la trobada de monitores i monitors d\u2019Esplais Catalans.","robots":{"index":"index","follow":"follow","max-snippet":"max-snippet:-1","max-image-preview":"max-image-preview:large","max-video-preview":"max-video-preview:-1"},"canonical":"https:\/\/www.esplac.cat\/presentem-imatge-grafica-monifestat-2026\/","og_locale":"es_ES","og_type":"article","og_title":"Monifesta't 2026 - Presentaci\u00f3 imatge gr\u00e0fica","og_description":"Aquest 2026 se celebra una nova edici\u00f3 de la Monifesta\u2019t, la trobada de monitores i monitors d\u2019Esplais Catalans.","og_url":"https:\/\/www.esplac.cat\/presentem-imatge-grafica-monifestat-2026\/","og_site_name":"Esplac","article_published_time":"2025-12-12T11:16:13+00:00","article_modified_time":"2025-12-12T11:17:58+00:00","og_image":[{"width":1625,"height":667,"url":"https:\/\/www.esplac.cat\/wp-content\/uploads\/2025\/12\/Banner-web_Monifestat_2026.jpg","type":"image\/jpeg"}],"author":"Comunicaci\u00f3 Esplac","twitter_card":"summary_large_image","twitter_misc":{"Escrito por":"Comunicaci\u00f3 Esplac","Tiempo de lectura":"3 minutos"},"schema":{"@context":"https:\/\/schema.org","@graph":[{"@type":"Article","@id":"https:\/\/www.esplac.cat\/presentem-imatge-grafica-monifestat-2026\/#article","isPartOf":{"@id":"https:\/\/www.esplac.cat\/presentem-imatge-grafica-monifestat-2026\/"},"author":{"name":"Comunicaci\u00f3 Esplac","@id":"https:\/\/www.esplac.cat\/#\/schema\/person\/908383cf240be18b68f8855d0583faca"},"headline":"Presentem la imatge gr\u00e0fica de la Monifesta\u2019t 2026","datePublished":"2025-12-12T11:16:13+00:00","dateModified":"2025-12-12T11:17:58+00:00","mainEntityOfPage":{"@id":"https:\/\/www.esplac.cat\/presentem-imatge-grafica-monifestat-2026\/"},"wordCount":1537,"publisher":{"@id":"https:\/\/www.esplac.cat\/#organization"},"image":{"@id":"https:\/\/www.esplac.cat\/presentem-imatge-grafica-monifestat-2026\/#primaryimage"},"thumbnailUrl":"https:\/\/www.esplac.cat\/wp-content\/uploads\/2025\/12\/Banner-web_Monifestat_2026.jpg","articleSection":["Activitats esplac","Monifesta't"],"inLanguage":"es"},{"@type":"WebPage","@id":"https:\/\/www.esplac.cat\/presentem-imatge-grafica-monifestat-2026\/","url":"https:\/\/www.esplac.cat\/presentem-imatge-grafica-monifestat-2026\/","name":"Monifesta't 2026 - Presentaci\u00f3 imatge gr\u00e0fica","isPartOf":{"@id":"https:\/\/www.esplac.cat\/#website"},"primaryImageOfPage":{"@id":"https:\/\/www.esplac.cat\/presentem-imatge-grafica-monifestat-2026\/#primaryimage"},"image":{"@id":"https:\/\/www.esplac.cat\/presentem-imatge-grafica-monifestat-2026\/#primaryimage"},"thumbnailUrl":"https:\/\/www.esplac.cat\/wp-content\/uploads\/2025\/12\/Banner-web_Monifestat_2026.jpg","datePublished":"2025-12-12T11:16:13+00:00","dateModified":"2025-12-12T11:17:58+00:00","description":"Aquest 2026 se celebra una nova edici\u00f3 de la Monifesta\u2019t, la trobada de monitores i monitors d\u2019Esplais Catalans.","breadcrumb":{"@id":"https:\/\/www.esplac.cat\/presentem-imatge-grafica-monifestat-2026\/#breadcrumb"},"inLanguage":"es","potentialAction":[{"@type":"ReadAction","target":["https:\/\/www.esplac.cat\/presentem-imatge-grafica-monifestat-2026\/"]}]},{"@type":"ImageObject","inLanguage":"es","@id":"https:\/\/www.esplac.cat\/presentem-imatge-grafica-monifestat-2026\/#primaryimage","url":"https:\/\/www.esplac.cat\/wp-content\/uploads\/2025\/12\/Banner-web_Monifestat_2026.jpg","contentUrl":"https:\/\/www.esplac.cat\/wp-content\/uploads\/2025\/12\/Banner-web_Monifestat_2026.jpg","width":1625,"height":667},{"@type":"BreadcrumbList","@id":"https:\/\/www.esplac.cat\/presentem-imatge-grafica-monifestat-2026\/#breadcrumb","itemListElement":[{"@type":"ListItem","position":1,"name":"Inici","item":"https:\/\/www.esplac.cat\/es\/"},{"@type":"ListItem","position":2,"name":"Presentem la imatge gr\u00e0fica de la Monifesta\u2019t 2026"}]},{"@type":"WebSite","@id":"https:\/\/www.esplac.cat\/#website","url":"https:\/\/www.esplac.cat\/","name":"Esplac","description":"Esplais Catalans","publisher":{"@id":"https:\/\/www.esplac.cat\/#organization"},"potentialAction":[{"@type":"SearchAction","target":{"@type":"EntryPoint","urlTemplate":"https:\/\/www.esplac.cat\/?s={search_term_string}"},"query-input":{"@type":"PropertyValueSpecification","valueRequired":true,"valueName":"search_term_string"}}],"inLanguage":"es"},{"@type":"Organization","@id":"https:\/\/www.esplac.cat\/#organization","name":"Esplac","url":"https:\/\/www.esplac.cat\/","logo":{"@type":"ImageObject","inLanguage":"es","@id":"https:\/\/www.esplac.cat\/#\/schema\/logo\/image\/","url":"https:\/\/www.esplac.cat\/wp-content\/uploads\/2019\/08\/logox2.png","contentUrl":"https:\/\/www.esplac.cat\/wp-content\/uploads\/2019\/08\/logox2.png","width":600,"height":295,"caption":"Esplac"},"image":{"@id":"https:\/\/www.esplac.cat\/#\/schema\/logo\/image\/"}},{"@type":"Person","@id":"https:\/\/www.esplac.cat\/#\/schema\/person\/908383cf240be18b68f8855d0583faca","name":"Comunicaci\u00f3 Esplac","image":{"@type":"ImageObject","inLanguage":"es","@id":"https:\/\/secure.gravatar.com\/avatar\/7a4cf8feb412a76ea4a740ca02d95b06b2907b5a6c648c2dd0a1082a093c3141?s=96&d=mm&r=g","url":"https:\/\/secure.gravatar.com\/avatar\/7a4cf8feb412a76ea4a740ca02d95b06b2907b5a6c648c2dd0a1082a093c3141?s=96&d=mm&r=g","contentUrl":"https:\/\/secure.gravatar.com\/avatar\/7a4cf8feb412a76ea4a740ca02d95b06b2907b5a6c648c2dd0a1082a093c3141?s=96&d=mm&r=g","caption":"Comunicaci\u00f3 Esplac"}}]}},"_links":{"self":[{"href":"https:\/\/www.esplac.cat\/es\/wp-json\/wp\/v2\/posts\/54900","targetHints":{"allow":["GET"]}}],"collection":[{"href":"https:\/\/www.esplac.cat\/es\/wp-json\/wp\/v2\/posts"}],"about":[{"href":"https:\/\/www.esplac.cat\/es\/wp-json\/wp\/v2\/types\/post"}],"author":[{"embeddable":true,"href":"https:\/\/www.esplac.cat\/es\/wp-json\/wp\/v2\/users\/3"}],"replies":[{"embeddable":true,"href":"https:\/\/www.esplac.cat\/es\/wp-json\/wp\/v2\/comments?post=54900"}],"version-history":[{"count":5,"href":"https:\/\/www.esplac.cat\/es\/wp-json\/wp\/v2\/posts\/54900\/revisions"}],"predecessor-version":[{"id":54908,"href":"https:\/\/www.esplac.cat\/es\/wp-json\/wp\/v2\/posts\/54900\/revisions\/54908"}],"wp:featuredmedia":[{"embeddable":true,"href":"https:\/\/www.esplac.cat\/es\/wp-json\/wp\/v2\/media\/54901"}],"wp:attachment":[{"href":"https:\/\/www.esplac.cat\/es\/wp-json\/wp\/v2\/media?parent=54900"}],"wp:term":[{"taxonomy":"category","embeddable":true,"href":"https:\/\/www.esplac.cat\/es\/wp-json\/wp\/v2\/categories?post=54900"},{"taxonomy":"post_tag","embeddable":true,"href":"https:\/\/www.esplac.cat\/es\/wp-json\/wp\/v2\/tags?post=54900"}],"curies":[{"name":"wp","href":"https:\/\/api.w.org\/{rel}","templated":true}]}}