{"id":55167,"date":"2026-01-27T13:32:44","date_gmt":"2026-01-27T11:32:44","guid":{"rendered":"https:\/\/www.esplac.cat\/?p=55167"},"modified":"2026-01-27T13:44:00","modified_gmt":"2026-01-27T11:44:00","slug":"inscripcions-jornades-dissidents-2026","status":"publish","type":"post","link":"https:\/\/www.esplac.cat\/es\/inscripcions-jornades-dissidents-2026\/","title":{"rendered":"Ep, agafa l\u2019agenda! Ja et pots inscriure a les Jornades Dissidents"},"content":{"rendered":"<div class=\"fusion-fullwidth fullwidth-box fusion-builder-row-1 fusion-flex-container has-pattern-background has-mask-background nonhundred-percent-fullwidth non-hundred-percent-height-scrolling\" style=\"--awb-border-radius-top-left:0px;--awb-border-radius-top-right:0px;--awb-border-radius-bottom-right:0px;--awb-border-radius-bottom-left:0px;--awb-flex-wrap:wrap;\" ><div class=\"fusion-builder-row fusion-row fusion-flex-align-items-flex-start fusion-flex-content-wrap\" style=\"max-width:1248px;margin-left: calc(-4% \/ 2 );margin-right: calc(-4% \/ 2 );\"><div class=\"fusion-layout-column fusion_builder_column fusion-builder-column-0 fusion_builder_column_1_1 1_1 fusion-flex-column\" style=\"--awb-bg-size:cover;--awb-width-large:100%;--awb-margin-top-large:0px;--awb-spacing-right-large:1.92%;--awb-margin-bottom-large:20px;--awb-spacing-left-large:1.92%;--awb-width-medium:100%;--awb-order-medium:0;--awb-spacing-right-medium:1.92%;--awb-spacing-left-medium:1.92%;--awb-width-small:100%;--awb-order-small:0;--awb-spacing-right-small:1.92%;--awb-spacing-left-small:1.92%;\"><div class=\"fusion-column-wrapper fusion-column-has-shadow fusion-flex-justify-content-flex-start fusion-content-layout-column\"><div class=\"fusion-text fusion-text-1\"><h6><strong>El diumenge 15 de mar\u00e7 la comissi\u00f3 de GSDD organitza la setena edici\u00f3 de les Jornades Dissidents a Barcelona.\u00a0<\/strong><\/h6>\n<p><span style=\"font-weight: 300;\">La setena edici\u00f3 de les <\/span><span style=\"color: #f69d0b;\"><a style=\"color: #f69d0b;\" href=\"https:\/\/www.esplac.cat\/formacions\/jornades-dissidents\/\"><b>Jornades Dissidents<\/b><\/a><\/span><span style=\"font-weight: 300;\"> arriba el pr\u00f2xim diumenge<\/span><b> 15 de mar\u00e7<\/b><span style=\"font-weight: 300;\"> a l\u2019<\/span><b>Espai Associatiu Lola Anglada &#8211; Casal de Joves Queix<\/b><span style=\"font-weight: 300;\"> de Barcelona. Amb el t\u00edtol<\/span><b> \u2018No tot \u00e9s de color de rosa! Trenquem la complicitat amb el <\/b><b><i>pinkwashing<\/i><\/b><b> des de l\u2019educaci\u00f3 popular\u2019<\/b><span style=\"font-weight: 300;\">, les VII Jornades Dissidents analitzaran cr\u00edticament el fenomen del <\/span><i><span style=\"font-weight: 300;\">pinkwashing<\/span><\/i><span style=\"font-weight: 300;\"> o capitalisme rosa, una estrat\u00e8gia pol\u00edtica i econ\u00f2mica que mant\u00e9 pr\u00e0ctiques discriminat\u00f2ries cap al col\u00b7lectiu LGTBIQ+. Les inscripcions estaran obertes fins al 22 de febrer de 2026.<\/span><\/p>\n<p><span style=\"font-weight: 300;\">La programaci\u00f3 comptar\u00e0 amb una pon\u00e8ncia inaugural i dos tallers al mat\u00ed, i un altre taller a la tarda. La pon\u00e8ncia inicial, <\/span><b>\u201cQui va llen\u00e7ar la primera pedra? (Re)constru\u00efm la mem\u00f2ria hist\u00f2rica del moviment LGTBIQ+ a Catalunya\u201d<\/b><span style=\"font-weight: 300;\">, far\u00e0 una retrospectiva del moviment dissident a Catalunya els darrers 50 anys.\u00a0<\/span><\/p>\n<p><span style=\"font-weight: 300;\">El primer taller, anomenat <\/span><b>\u201cOrgull cr\u00edtic en temps de capitalisme rosa\u201d<\/b><span style=\"font-weight: 300;\">, tractar\u00e0 sobre la mercantilitzaci\u00f3 de l\u2019orgull LGTBIQ+, analitzant com el sistema neoliberal intenta buidar de contingut pol\u00edtic les lluites per l\u2019alliberament sexual i de g\u00e8nere, transformant-les en una eina de m\u00e0rqueting que desconnecta el moviment del seu origen combatiu i col\u00b7lectiu. El segon taller, sota el nom \u201c<\/span><b>Del riu fins al mar. <\/b><b><i>Pinkwashing <\/i><\/b><b>i genocidi\u201d<\/b><span style=\"font-weight: 300;\">, <\/span><span style=\"font-weight: 400;\">abordar\u00e0 l\u2019\u00fas instrumental dels drets LGTBIQ+ per part de l\u2019estat d\u2019Israel, analitzant com la construcci\u00f3 d\u2019una imatge de suposat \u201cparad\u00eds pel col\u00b7lectiu\u201d serveix per blanquejar el genocidi del poble palest\u00ed i refor\u00e7ar discursos racistes i islam\u00f2fobs. Alhora, es reflexionar\u00e0 sobre com teixir una solidaritat internacionalista des dels projectes educatius.\u00a0<\/span><\/p>\n<p><span style=\"font-weight: 400;\">A la tarda, el taller anomenat <\/span><b>\u201cPedagogies trans*gressores. Queeritzant l&#8217;educaci\u00f3 en el lleure\u201d<\/b><span style=\"font-weight: 400;\">, p<\/span><span style=\"font-weight: 400;\">osar\u00e0 el focus en l\u2019educaci\u00f3 en el lleure, proposant una revisi\u00f3 cr\u00edtica de les din\u00e0miques cisheteropatriarcals, adultoc\u00e8ntriques i capacitistes que sovint es reprodueixen als espais educatius, tot oferint eines i reflexions col\u00b7lectives per incorporar una pedagogia dissident que q\u00fcestioni les normes de g\u00e8nere, sexualitat i cos dins l\u2019educaci\u00f3 no formal.<\/span><\/p>\n<p><span style=\"font-weight: 400;\">Les Jornades Dissidents s\u00f3n organitzades per la comissi\u00f3 <\/span><span style=\"color: #f69d0b;\"><a style=\"color: #f69d0b;\" href=\"https:\/\/www.esplac.cat\/comissions\/generes-sexualitats-diverses-dissidents\/\"><b>GSDD<\/b><\/a><\/span><span style=\"font-weight: 300;\">, una comissi\u00f3 d\u2019Esplais Catalans que pret\u00e9n fer de l\u2019associaci\u00f3 i dels esplais un espai on <\/span><b>donar resposta a les necessitats i demandes del col\u00b7lectiu LGTBIQ+<\/b><span style=\"font-weight: 300;\">. Posant en el punt de mira el <\/span><b>feminisme interseccional,<\/b><span style=\"font-weight: 300;\"> aquesta comissi\u00f3 prepara cada any les jornades, per a les quals escull estrat\u00e8gicament una tem\u00e0tica central per tal de formar les monitores i els monitors d\u2019Esplac en mat\u00e8ria de g\u00e8nere i sexualitats.<\/span><\/p>\n<p><span style=\"font-weight: 300;\">El 15 de mar\u00e7, les jornades comen\u00e7aran a les 9 h del mat\u00ed i finalitzaran a les 17.30 h de la tarda. L\u2019activitat t\u00e9 <\/span><b>un cost de 5\u20ac <\/b><span style=\"font-weight: 300;\">per participant, que inclou l\u2019acc\u00e9s a totes les formacions, un petit esmorzar i el dinar. Per les persones que estan realitzant el curs Marta Mata \u00c8xit de l\u2019<\/span><strong><span style=\"color: #f69d0b;\"><a style=\"color: #f69d0b;\" href=\"https:\/\/escolaelsol.coop\/\">Escola Lliure el Sol<\/a><\/span><\/strong><span style=\"font-weight: 300;\">, cal saber que assistir a les Jornades Dissidents <\/span><b>convalida 6 h associatives.<\/b><\/p>\n<p><span style=\"font-weight: 300;\">Les VII Jornades Dissidents estan obertes a monis, dirigents i s\u00f2cies d\u2019Esplac, que us podeu inscriure a trav\u00e9s de l\u2019Era. L\u2019activitat, per\u00f2 tamb\u00e9 est\u00e0 oberta per a monis i caps d\u2019altres federacions de lleure que puguin tenir inter\u00e8s en la formaci\u00f3. Les persones externes a Esplac us podeu inscriure a trav\u00e9s d\u2019<\/span><a href=\"https:\/\/infoesplac.typeform.com\/to\/Ei8CucGk\"><b><span style=\"color: #f69d0b;\">aquest formulari<\/span><\/b><\/a><span style=\"font-weight: 300;\">. <\/span><b>Les inscripcions estaran obertes fins al 22 de febrer.<\/b><\/p>\n<p><span style=\"font-weight: 300;\">En cas de tenir dubtes o alguna incid\u00e8ncia podeu contactar amb nosaltres a <\/span><b><a href=\"mailto:generesisexualitats@esplac.cat\"><span style=\"color: #f69d0b;\">generesisexualitats@esplac.cat<\/span><\/a><\/b>.<\/p>\n<\/div><div style=\"text-align:center;\"><a class=\"fusion-button button-flat fusion-button-default-size button-default fusion-button-default button-1 fusion-button-default-span fusion-button-default-type\" target=\"_self\" href=\"https:\/\/www.esplac.cat\/formacions\/jornades-dissidents\/\"><span class=\"fusion-button-text\">M\u00e9s informaci\u00f3<\/span><\/a><\/div><\/div><\/div><\/div><\/div>\n","protected":false},"excerpt":{"rendered":"","protected":false},"author":3,"featured_media":55147,"comment_status":"closed","ping_status":"closed","sticky":false,"template":"","format":"standard","meta":{"om_disable_all_campaigns":false,"_monsterinsights_skip_tracking":false,"_monsterinsights_sitenote_active":false,"_monsterinsights_sitenote_note":"","_monsterinsights_sitenote_category":0,"_uf_show_specific_survey":0,"_uf_disable_surveys":false,"footnotes":""},"categories":[1160,1],"tags":[],"class_list":["post-55167","post","type-post","status-publish","format-standard","has-post-thumbnail","hentry","category-comissio-gsdd","category-sense-categoria"],"yoast_head":"<!-- This site is optimized with the Yoast SEO plugin v27.5 - https:\/\/yoast.com\/product\/yoast-seo-wordpress\/ -->\n<title>Obertes les inscripcions a les Jornades Dissidents 2026 - Esplac<\/title>\n<meta name=\"description\" content=\"El diumenge 15 de mar\u00e7 la comissi\u00f3 de GSDD organitza la setena edici\u00f3 de les Jornades Dissidents a Barcelona.\" \/>\n<meta name=\"robots\" content=\"index, follow, max-snippet:-1, max-image-preview:large, max-video-preview:-1\" \/>\n<link rel=\"canonical\" href=\"https:\/\/www.esplac.cat\/inscripcions-jornades-dissidents-2026\/\" \/>\n<meta property=\"og:locale\" content=\"es_ES\" \/>\n<meta property=\"og:type\" content=\"article\" \/>\n<meta property=\"og:title\" content=\"Obertes les inscripcions a les Jornades Dissidents 2026 - Esplac\" \/>\n<meta property=\"og:description\" content=\"El diumenge 15 de mar\u00e7 la comissi\u00f3 de GSDD organitza la setena edici\u00f3 de les Jornades Dissidents a Barcelona.\" \/>\n<meta property=\"og:url\" content=\"https:\/\/www.esplac.cat\/inscripcions-jornades-dissidents-2026\/\" \/>\n<meta property=\"og:site_name\" content=\"Esplac\" \/>\n<meta property=\"article:published_time\" content=\"2026-01-27T11:32:44+00:00\" \/>\n<meta property=\"article:modified_time\" content=\"2026-01-27T11:44:00+00:00\" \/>\n<meta property=\"og:image\" content=\"https:\/\/www.esplac.cat\/wp-content\/uploads\/2026\/01\/Banner-Jornades-Dissidents-2026-1.jpg\" \/>\n\t<meta property=\"og:image:width\" content=\"1697\" \/>\n\t<meta property=\"og:image:height\" content=\"700\" \/>\n\t<meta property=\"og:image:type\" content=\"image\/jpeg\" \/>\n<meta name=\"author\" content=\"Comunicaci\u00f3 Esplac\" \/>\n<meta name=\"twitter:card\" content=\"summary_large_image\" \/>\n<meta name=\"twitter:label1\" content=\"Escrito por\" \/>\n\t<meta name=\"twitter:data1\" content=\"Comunicaci\u00f3 Esplac\" \/>\n\t<meta name=\"twitter:label2\" content=\"Tiempo de lectura\" \/>\n\t<meta name=\"twitter:data2\" content=\"4 minutos\" \/>\n<script type=\"application\/ld+json\" class=\"yoast-schema-graph\">{\"@context\":\"https:\\\/\\\/schema.org\",\"@graph\":[{\"@type\":\"Article\",\"@id\":\"https:\\\/\\\/www.esplac.cat\\\/inscripcions-jornades-dissidents-2026\\\/#article\",\"isPartOf\":{\"@id\":\"https:\\\/\\\/www.esplac.cat\\\/inscripcions-jornades-dissidents-2026\\\/\"},\"author\":{\"name\":\"Comunicaci\u00f3 Esplac\",\"@id\":\"https:\\\/\\\/www.esplac.cat\\\/#\\\/schema\\\/person\\\/908383cf240be18b68f8855d0583faca\"},\"headline\":\"Ep, agafa l\u2019agenda! Ja et pots inscriure a les Jornades Dissidents\",\"datePublished\":\"2026-01-27T11:32:44+00:00\",\"dateModified\":\"2026-01-27T11:44:00+00:00\",\"mainEntityOfPage\":{\"@id\":\"https:\\\/\\\/www.esplac.cat\\\/inscripcions-jornades-dissidents-2026\\\/\"},\"wordCount\":1754,\"publisher\":{\"@id\":\"https:\\\/\\\/www.esplac.cat\\\/#organization\"},\"image\":{\"@id\":\"https:\\\/\\\/www.esplac.cat\\\/inscripcions-jornades-dissidents-2026\\\/#primaryimage\"},\"thumbnailUrl\":\"https:\\\/\\\/www.esplac.cat\\\/wp-content\\\/uploads\\\/2026\\\/01\\\/Banner-Jornades-Dissidents-2026-1.jpg\",\"articleSection\":[\"Comissi\u00f3 GSDD\",\"Sense categoria\"],\"inLanguage\":\"es\"},{\"@type\":\"WebPage\",\"@id\":\"https:\\\/\\\/www.esplac.cat\\\/inscripcions-jornades-dissidents-2026\\\/\",\"url\":\"https:\\\/\\\/www.esplac.cat\\\/inscripcions-jornades-dissidents-2026\\\/\",\"name\":\"Obertes les inscripcions a les Jornades Dissidents 2026 - Esplac\",\"isPartOf\":{\"@id\":\"https:\\\/\\\/www.esplac.cat\\\/#website\"},\"primaryImageOfPage\":{\"@id\":\"https:\\\/\\\/www.esplac.cat\\\/inscripcions-jornades-dissidents-2026\\\/#primaryimage\"},\"image\":{\"@id\":\"https:\\\/\\\/www.esplac.cat\\\/inscripcions-jornades-dissidents-2026\\\/#primaryimage\"},\"thumbnailUrl\":\"https:\\\/\\\/www.esplac.cat\\\/wp-content\\\/uploads\\\/2026\\\/01\\\/Banner-Jornades-Dissidents-2026-1.jpg\",\"datePublished\":\"2026-01-27T11:32:44+00:00\",\"dateModified\":\"2026-01-27T11:44:00+00:00\",\"description\":\"El diumenge 15 de mar\u00e7 la comissi\u00f3 de GSDD organitza la setena edici\u00f3 de les Jornades Dissidents a Barcelona.\",\"breadcrumb\":{\"@id\":\"https:\\\/\\\/www.esplac.cat\\\/inscripcions-jornades-dissidents-2026\\\/#breadcrumb\"},\"inLanguage\":\"es\",\"potentialAction\":[{\"@type\":\"ReadAction\",\"target\":[\"https:\\\/\\\/www.esplac.cat\\\/inscripcions-jornades-dissidents-2026\\\/\"]}]},{\"@type\":\"ImageObject\",\"inLanguage\":\"es\",\"@id\":\"https:\\\/\\\/www.esplac.cat\\\/inscripcions-jornades-dissidents-2026\\\/#primaryimage\",\"url\":\"https:\\\/\\\/www.esplac.cat\\\/wp-content\\\/uploads\\\/2026\\\/01\\\/Banner-Jornades-Dissidents-2026-1.jpg\",\"contentUrl\":\"https:\\\/\\\/www.esplac.cat\\\/wp-content\\\/uploads\\\/2026\\\/01\\\/Banner-Jornades-Dissidents-2026-1.jpg\",\"width\":1697,\"height\":700,\"caption\":\"Portada Jornades Dissidents 2026\"},{\"@type\":\"BreadcrumbList\",\"@id\":\"https:\\\/\\\/www.esplac.cat\\\/inscripcions-jornades-dissidents-2026\\\/#breadcrumb\",\"itemListElement\":[{\"@type\":\"ListItem\",\"position\":1,\"name\":\"Inici\",\"item\":\"https:\\\/\\\/www.esplac.cat\\\/es\\\/\"},{\"@type\":\"ListItem\",\"position\":2,\"name\":\"Ep, agafa l\u2019agenda! Ja et pots inscriure a les Jornades Dissidents\"}]},{\"@type\":\"WebSite\",\"@id\":\"https:\\\/\\\/www.esplac.cat\\\/#website\",\"url\":\"https:\\\/\\\/www.esplac.cat\\\/\",\"name\":\"Esplac\",\"description\":\"Esplais Catalans\",\"publisher\":{\"@id\":\"https:\\\/\\\/www.esplac.cat\\\/#organization\"},\"potentialAction\":[{\"@type\":\"SearchAction\",\"target\":{\"@type\":\"EntryPoint\",\"urlTemplate\":\"https:\\\/\\\/www.esplac.cat\\\/?s={search_term_string}\"},\"query-input\":{\"@type\":\"PropertyValueSpecification\",\"valueRequired\":true,\"valueName\":\"search_term_string\"}}],\"inLanguage\":\"es\"},{\"@type\":\"Organization\",\"@id\":\"https:\\\/\\\/www.esplac.cat\\\/#organization\",\"name\":\"Esplac\",\"url\":\"https:\\\/\\\/www.esplac.cat\\\/\",\"logo\":{\"@type\":\"ImageObject\",\"inLanguage\":\"es\",\"@id\":\"https:\\\/\\\/www.esplac.cat\\\/#\\\/schema\\\/logo\\\/image\\\/\",\"url\":\"https:\\\/\\\/www.esplac.cat\\\/wp-content\\\/uploads\\\/2019\\\/08\\\/logox2.png\",\"contentUrl\":\"https:\\\/\\\/www.esplac.cat\\\/wp-content\\\/uploads\\\/2019\\\/08\\\/logox2.png\",\"width\":600,\"height\":295,\"caption\":\"Esplac\"},\"image\":{\"@id\":\"https:\\\/\\\/www.esplac.cat\\\/#\\\/schema\\\/logo\\\/image\\\/\"}},{\"@type\":\"Person\",\"@id\":\"https:\\\/\\\/www.esplac.cat\\\/#\\\/schema\\\/person\\\/908383cf240be18b68f8855d0583faca\",\"name\":\"Comunicaci\u00f3 Esplac\",\"image\":{\"@type\":\"ImageObject\",\"inLanguage\":\"es\",\"@id\":\"https:\\\/\\\/secure.gravatar.com\\\/avatar\\\/7a4cf8feb412a76ea4a740ca02d95b06b2907b5a6c648c2dd0a1082a093c3141?s=96&d=mm&r=g\",\"url\":\"https:\\\/\\\/secure.gravatar.com\\\/avatar\\\/7a4cf8feb412a76ea4a740ca02d95b06b2907b5a6c648c2dd0a1082a093c3141?s=96&d=mm&r=g\",\"contentUrl\":\"https:\\\/\\\/secure.gravatar.com\\\/avatar\\\/7a4cf8feb412a76ea4a740ca02d95b06b2907b5a6c648c2dd0a1082a093c3141?s=96&d=mm&r=g\",\"caption\":\"Comunicaci\u00f3 Esplac\"}}]}<\/script>\n<!-- \/ Yoast SEO plugin. -->","yoast_head_json":{"title":"Obertes les inscripcions a les Jornades Dissidents 2026 - Esplac","description":"El diumenge 15 de mar\u00e7 la comissi\u00f3 de GSDD organitza la setena edici\u00f3 de les Jornades Dissidents a Barcelona.","robots":{"index":"index","follow":"follow","max-snippet":"max-snippet:-1","max-image-preview":"max-image-preview:large","max-video-preview":"max-video-preview:-1"},"canonical":"https:\/\/www.esplac.cat\/inscripcions-jornades-dissidents-2026\/","og_locale":"es_ES","og_type":"article","og_title":"Obertes les inscripcions a les Jornades Dissidents 2026 - Esplac","og_description":"El diumenge 15 de mar\u00e7 la comissi\u00f3 de GSDD organitza la setena edici\u00f3 de les Jornades Dissidents a Barcelona.","og_url":"https:\/\/www.esplac.cat\/inscripcions-jornades-dissidents-2026\/","og_site_name":"Esplac","article_published_time":"2026-01-27T11:32:44+00:00","article_modified_time":"2026-01-27T11:44:00+00:00","og_image":[{"width":1697,"height":700,"url":"https:\/\/www.esplac.cat\/wp-content\/uploads\/2026\/01\/Banner-Jornades-Dissidents-2026-1.jpg","type":"image\/jpeg"}],"author":"Comunicaci\u00f3 Esplac","twitter_card":"summary_large_image","twitter_misc":{"Escrito por":"Comunicaci\u00f3 Esplac","Tiempo de lectura":"4 minutos"},"schema":{"@context":"https:\/\/schema.org","@graph":[{"@type":"Article","@id":"https:\/\/www.esplac.cat\/inscripcions-jornades-dissidents-2026\/#article","isPartOf":{"@id":"https:\/\/www.esplac.cat\/inscripcions-jornades-dissidents-2026\/"},"author":{"name":"Comunicaci\u00f3 Esplac","@id":"https:\/\/www.esplac.cat\/#\/schema\/person\/908383cf240be18b68f8855d0583faca"},"headline":"Ep, agafa l\u2019agenda! Ja et pots inscriure a les Jornades Dissidents","datePublished":"2026-01-27T11:32:44+00:00","dateModified":"2026-01-27T11:44:00+00:00","mainEntityOfPage":{"@id":"https:\/\/www.esplac.cat\/inscripcions-jornades-dissidents-2026\/"},"wordCount":1754,"publisher":{"@id":"https:\/\/www.esplac.cat\/#organization"},"image":{"@id":"https:\/\/www.esplac.cat\/inscripcions-jornades-dissidents-2026\/#primaryimage"},"thumbnailUrl":"https:\/\/www.esplac.cat\/wp-content\/uploads\/2026\/01\/Banner-Jornades-Dissidents-2026-1.jpg","articleSection":["Comissi\u00f3 GSDD","Sense categoria"],"inLanguage":"es"},{"@type":"WebPage","@id":"https:\/\/www.esplac.cat\/inscripcions-jornades-dissidents-2026\/","url":"https:\/\/www.esplac.cat\/inscripcions-jornades-dissidents-2026\/","name":"Obertes les inscripcions a les Jornades Dissidents 2026 - Esplac","isPartOf":{"@id":"https:\/\/www.esplac.cat\/#website"},"primaryImageOfPage":{"@id":"https:\/\/www.esplac.cat\/inscripcions-jornades-dissidents-2026\/#primaryimage"},"image":{"@id":"https:\/\/www.esplac.cat\/inscripcions-jornades-dissidents-2026\/#primaryimage"},"thumbnailUrl":"https:\/\/www.esplac.cat\/wp-content\/uploads\/2026\/01\/Banner-Jornades-Dissidents-2026-1.jpg","datePublished":"2026-01-27T11:32:44+00:00","dateModified":"2026-01-27T11:44:00+00:00","description":"El diumenge 15 de mar\u00e7 la comissi\u00f3 de GSDD organitza la setena edici\u00f3 de les Jornades Dissidents a Barcelona.","breadcrumb":{"@id":"https:\/\/www.esplac.cat\/inscripcions-jornades-dissidents-2026\/#breadcrumb"},"inLanguage":"es","potentialAction":[{"@type":"ReadAction","target":["https:\/\/www.esplac.cat\/inscripcions-jornades-dissidents-2026\/"]}]},{"@type":"ImageObject","inLanguage":"es","@id":"https:\/\/www.esplac.cat\/inscripcions-jornades-dissidents-2026\/#primaryimage","url":"https:\/\/www.esplac.cat\/wp-content\/uploads\/2026\/01\/Banner-Jornades-Dissidents-2026-1.jpg","contentUrl":"https:\/\/www.esplac.cat\/wp-content\/uploads\/2026\/01\/Banner-Jornades-Dissidents-2026-1.jpg","width":1697,"height":700,"caption":"Portada Jornades Dissidents 2026"},{"@type":"BreadcrumbList","@id":"https:\/\/www.esplac.cat\/inscripcions-jornades-dissidents-2026\/#breadcrumb","itemListElement":[{"@type":"ListItem","position":1,"name":"Inici","item":"https:\/\/www.esplac.cat\/es\/"},{"@type":"ListItem","position":2,"name":"Ep, agafa l\u2019agenda! Ja et pots inscriure a les Jornades Dissidents"}]},{"@type":"WebSite","@id":"https:\/\/www.esplac.cat\/#website","url":"https:\/\/www.esplac.cat\/","name":"Esplac","description":"Esplais Catalans","publisher":{"@id":"https:\/\/www.esplac.cat\/#organization"},"potentialAction":[{"@type":"SearchAction","target":{"@type":"EntryPoint","urlTemplate":"https:\/\/www.esplac.cat\/?s={search_term_string}"},"query-input":{"@type":"PropertyValueSpecification","valueRequired":true,"valueName":"search_term_string"}}],"inLanguage":"es"},{"@type":"Organization","@id":"https:\/\/www.esplac.cat\/#organization","name":"Esplac","url":"https:\/\/www.esplac.cat\/","logo":{"@type":"ImageObject","inLanguage":"es","@id":"https:\/\/www.esplac.cat\/#\/schema\/logo\/image\/","url":"https:\/\/www.esplac.cat\/wp-content\/uploads\/2019\/08\/logox2.png","contentUrl":"https:\/\/www.esplac.cat\/wp-content\/uploads\/2019\/08\/logox2.png","width":600,"height":295,"caption":"Esplac"},"image":{"@id":"https:\/\/www.esplac.cat\/#\/schema\/logo\/image\/"}},{"@type":"Person","@id":"https:\/\/www.esplac.cat\/#\/schema\/person\/908383cf240be18b68f8855d0583faca","name":"Comunicaci\u00f3 Esplac","image":{"@type":"ImageObject","inLanguage":"es","@id":"https:\/\/secure.gravatar.com\/avatar\/7a4cf8feb412a76ea4a740ca02d95b06b2907b5a6c648c2dd0a1082a093c3141?s=96&d=mm&r=g","url":"https:\/\/secure.gravatar.com\/avatar\/7a4cf8feb412a76ea4a740ca02d95b06b2907b5a6c648c2dd0a1082a093c3141?s=96&d=mm&r=g","contentUrl":"https:\/\/secure.gravatar.com\/avatar\/7a4cf8feb412a76ea4a740ca02d95b06b2907b5a6c648c2dd0a1082a093c3141?s=96&d=mm&r=g","caption":"Comunicaci\u00f3 Esplac"}}]}},"_links":{"self":[{"href":"https:\/\/www.esplac.cat\/es\/wp-json\/wp\/v2\/posts\/55167","targetHints":{"allow":["GET"]}}],"collection":[{"href":"https:\/\/www.esplac.cat\/es\/wp-json\/wp\/v2\/posts"}],"about":[{"href":"https:\/\/www.esplac.cat\/es\/wp-json\/wp\/v2\/types\/post"}],"author":[{"embeddable":true,"href":"https:\/\/www.esplac.cat\/es\/wp-json\/wp\/v2\/users\/3"}],"replies":[{"embeddable":true,"href":"https:\/\/www.esplac.cat\/es\/wp-json\/wp\/v2\/comments?post=55167"}],"version-history":[{"count":3,"href":"https:\/\/www.esplac.cat\/es\/wp-json\/wp\/v2\/posts\/55167\/revisions"}],"predecessor-version":[{"id":55170,"href":"https:\/\/www.esplac.cat\/es\/wp-json\/wp\/v2\/posts\/55167\/revisions\/55170"}],"wp:featuredmedia":[{"embeddable":true,"href":"https:\/\/www.esplac.cat\/es\/wp-json\/wp\/v2\/media\/55147"}],"wp:attachment":[{"href":"https:\/\/www.esplac.cat\/es\/wp-json\/wp\/v2\/media?parent=55167"}],"wp:term":[{"taxonomy":"category","embeddable":true,"href":"https:\/\/www.esplac.cat\/es\/wp-json\/wp\/v2\/categories?post=55167"},{"taxonomy":"post_tag","embeddable":true,"href":"https:\/\/www.esplac.cat\/es\/wp-json\/wp\/v2\/tags?post=55167"}],"curies":[{"name":"wp","href":"https:\/\/api.w.org\/{rel}","templated":true}]}}