{"id":55601,"date":"2026-03-11T11:30:38","date_gmt":"2026-03-11T09:30:38","guid":{"rendered":"https:\/\/www.esplac.cat\/?p=55601"},"modified":"2026-03-11T11:44:09","modified_gmt":"2026-03-11T09:44:09","slug":"busquem-joves-esplac-per-art-camp-campament-internacional-berlin","status":"publish","type":"post","link":"https:\/\/www.esplac.cat\/es\/busquem-joves-esplac-per-art-camp-campament-internacional-berlin\/","title":{"rendered":"Busquem joves d\u2019Esplac per anar a l\u2019Art Camp, el campament internacional sobre art i cultura a Berl\u00edn"},"content":{"rendered":"<div class=\"fusion-fullwidth fullwidth-box fusion-builder-row-1 fusion-flex-container has-pattern-background has-mask-background nonhundred-percent-fullwidth non-hundred-percent-height-scrolling\" style=\"--awb-border-radius-top-left:0px;--awb-border-radius-top-right:0px;--awb-border-radius-bottom-right:0px;--awb-border-radius-bottom-left:0px;--awb-flex-wrap:wrap;\" ><div class=\"fusion-builder-row fusion-row fusion-flex-align-items-flex-start fusion-flex-content-wrap\" style=\"max-width:1248px;margin-left: calc(-4% \/ 2 );margin-right: calc(-4% \/ 2 );\"><div class=\"fusion-layout-column fusion_builder_column fusion-builder-column-0 fusion_builder_column_1_1 1_1 fusion-flex-column\" style=\"--awb-bg-size:cover;--awb-width-large:100%;--awb-margin-top-large:0px;--awb-spacing-right-large:1.92%;--awb-margin-bottom-large:20px;--awb-spacing-left-large:1.92%;--awb-width-medium:100%;--awb-order-medium:0;--awb-spacing-right-medium:1.92%;--awb-spacing-left-medium:1.92%;--awb-width-small:100%;--awb-order-small:0;--awb-spacing-right-small:1.92%;--awb-spacing-left-small:1.92%;\"><div class=\"fusion-column-wrapper fusion-column-has-shadow fusion-flex-justify-content-flex-start fusion-content-layout-column\"><div class=\"fusion-text fusion-text-1\"><h6><strong>Les joves participants podran gaudir d\u2019un campament internacional centrat en art, m\u00fasica, cinema, teatre i molt m\u00e9s!<\/strong><\/h6>\n<p><span style=\"font-weight: 300;\">L\u2019<span style=\"color: #f69d0b;\"><a style=\"color: #f69d0b;\" href=\"https:\/\/artcamp2025.soziale-bildung.org\/\" target=\"_blank\" rel=\"noopener\"><strong>Art Camp<\/strong><\/a> <\/span>\u00e9s un <strong>intercanvi internacional<\/strong> que es desenvolupar\u00e0 <strong>del 3 al 13 d\u2019agost a Berl\u00edn (Alemanya)<\/strong> i que combina l\u2019e<strong>ducaci\u00f3 no formal i les arts<\/strong> per fomentar el debat i la reflexi\u00f3 sobre <strong>temes socials i pol\u00edtics<\/strong>. A l\u2019edici\u00f3 anterior hi van participar joves d\u2019It\u00e0lia, Pol\u00f2nia, Fran\u00e7a i Alemanya!<\/span><\/p>\n<p><span style=\"font-weight: 300;\">L\u2019edici\u00f3 2026, sota el lema <\/span><span style=\"color: #f69d0b;\"><a style=\"color: #f69d0b;\" href=\"https:\/\/artcamp2025.soziale-bildung.org\/\" target=\"_blank\" rel=\"noopener\"><b><i>REMEMBRANCE \u2013 AWARENESS \u2013 CREATE \u2013 Youth Perspectives on a Culture of Remembrance in Europe<\/i><\/b><\/a><\/span><i><span style=\"font-weight: 300;\">, <\/span><\/i><span style=\"font-weight: 300;\">reflexionar\u00e0<\/span><span style=\"font-weight: 300;\"> sobre la <strong>mem\u00f2ria hist\u00f2rica a Europa<\/strong>, prendre\u2019n consci\u00e8ncia cr\u00edtica i crear noves mirades de futur, utilitzant <strong>eines art\u00edstiques i participatives<\/strong> per relacionar mem\u00f2ria, democr\u00e0cia i realitat actual. Durant el <strong>campament<\/strong>, les joves participants podran gaudir de diferents <\/span><strong><i>workshops<\/i><\/strong><span style=\"font-weight: 300;\"><strong> d\u2019educaci\u00f3 pol\u00edtica<\/strong> <strong>i just\u00edcia global<\/strong> i tamb\u00e9 creatius per poder expressar el seu coneixement a trav\u00e9s de la <strong>producci\u00f3 musical<\/strong>, la <strong>creaci\u00f3 audiovisual<\/strong>, l\u2019<strong>art<\/strong> o el <strong>teatre<\/strong>.\u00a0<\/span><\/p>\n<p><span style=\"font-weight: 300;\">Des d\u2019Esplac, <strong>tenim reservades 12 places per a joves i dues places per a monis referents<\/strong>. Els requisits s\u00f3n que heu de <strong>tenir entre 14 i 17 anys<\/strong> i que heu de venir <strong>acompanyades de monitores referents<\/strong>. Tot i que l\u2019Art Camp \u00e9s del 3 al 13 d\u2019agost, haur\u00edeu de tenir d<strong>isponibilitat del 2 al 14 per viatjar<\/strong>. El cost de participaci\u00f3 i estan\u00e7a \u00e9s de <strong>80 \u20ac per participant<\/strong>, els costos de transport us seran reemborsats un cop finalitzada l\u2019activitat.<\/span><\/p>\n<p><span style=\"font-weight: 300;\">Si esteu interessades, <strong>contacteu com m\u00e9s aviat millor amb nosaltres<\/strong>, per tal que anem conformant el grup de persones que hi anireu. Escriviu-nos a <\/span><a href=\"mailto:internacional@esplac.cat\"><span style=\"font-weight: 300;\"><strong><span style=\"color: #f69d0b;\">internacional@esplac.cat<\/span><\/strong><\/span><\/a><span style=\"font-weight: 300;\"> o truqueu-nos al 722 67 21 66 per resoldre dubtes si ho necessiteu.\u00a0<\/span><\/p>\n<\/div><div style=\"text-align:center;\"><a class=\"fusion-button button-flat fusion-button-default-size button-default fusion-button-default button-1 fusion-button-default-span fusion-button-default-type\" target=\"_self\" href=\"https:\/\/artcamp2025.soziale-bildung.org\/\"><span class=\"fusion-button-text\">Web oficial de l&#8217;Art Camp<\/span><\/a><\/div><\/div><\/div><\/div><\/div>\n","protected":false},"excerpt":{"rendered":"","protected":false},"author":3,"featured_media":55603,"comment_status":"closed","ping_status":"closed","sticky":false,"template":"","format":"standard","meta":{"om_disable_all_campaigns":false,"_monsterinsights_skip_tracking":false,"_monsterinsights_sitenote_active":false,"_monsterinsights_sitenote_note":"","_monsterinsights_sitenote_category":0,"_uf_show_specific_survey":0,"_uf_disable_surveys":false,"footnotes":""},"categories":[1168,1112,1],"tags":[],"class_list":["post-55601","post","type-post","status-publish","format-standard","has-post-thumbnail","hentry","category-creuant_mirades","category-esplac-al-mon","category-sense-categoria"],"yoast_head":"<!-- This site is optimized with the Yoast SEO plugin v27.4 - https:\/\/yoast.com\/product\/yoast-seo-wordpress\/ -->\n<title>Busquem joves d\u2019Esplac per anar a l\u2019Art Camp, el campament internacional sobre art i cultura a Berl\u00edn - Esplac<\/title>\n<meta name=\"description\" content=\"Les joves participants podran gaudir d\u2019un campament internacional centrat en art, m\u00fasica, cinema, teatre i molt m\u00e9s!\" \/>\n<meta name=\"robots\" content=\"index, follow, max-snippet:-1, max-image-preview:large, max-video-preview:-1\" \/>\n<link rel=\"canonical\" href=\"https:\/\/www.esplac.cat\/busquem-joves-esplac-per-art-camp-campament-internacional-berlin\/\" \/>\n<meta property=\"og:locale\" content=\"es_ES\" \/>\n<meta property=\"og:type\" content=\"article\" \/>\n<meta property=\"og:title\" content=\"Busquem joves d\u2019Esplac per anar a l\u2019Art Camp, el campament internacional sobre art i cultura a Berl\u00edn - Esplac\" \/>\n<meta property=\"og:description\" content=\"Les joves participants podran gaudir d\u2019un campament internacional centrat en art, m\u00fasica, cinema, teatre i molt m\u00e9s!\" \/>\n<meta property=\"og:url\" content=\"https:\/\/www.esplac.cat\/busquem-joves-esplac-per-art-camp-campament-internacional-berlin\/\" \/>\n<meta property=\"og:site_name\" content=\"Esplac\" \/>\n<meta property=\"article:published_time\" content=\"2026-03-11T09:30:38+00:00\" \/>\n<meta property=\"article:modified_time\" content=\"2026-03-11T09:44:09+00:00\" \/>\n<meta property=\"og:image\" content=\"https:\/\/www.esplac.cat\/wp-content\/uploads\/2026\/03\/Noti_art-camp.jpg\" \/>\n\t<meta property=\"og:image:width\" content=\"1697\" \/>\n\t<meta property=\"og:image:height\" content=\"700\" \/>\n\t<meta property=\"og:image:type\" content=\"image\/jpeg\" \/>\n<meta name=\"author\" content=\"Comunicaci\u00f3 Esplac\" \/>\n<meta name=\"twitter:card\" content=\"summary_large_image\" \/>\n<meta name=\"twitter:label1\" content=\"Escrito por\" \/>\n\t<meta name=\"twitter:data1\" content=\"Comunicaci\u00f3 Esplac\" \/>\n\t<meta name=\"twitter:label2\" content=\"Tiempo de lectura\" \/>\n\t<meta name=\"twitter:data2\" content=\"2 minutos\" \/>\n<script type=\"application\/ld+json\" class=\"yoast-schema-graph\">{\"@context\":\"https:\\\/\\\/schema.org\",\"@graph\":[{\"@type\":\"Article\",\"@id\":\"https:\\\/\\\/www.esplac.cat\\\/busquem-joves-esplac-per-art-camp-campament-internacional-berlin\\\/#article\",\"isPartOf\":{\"@id\":\"https:\\\/\\\/www.esplac.cat\\\/busquem-joves-esplac-per-art-camp-campament-internacional-berlin\\\/\"},\"author\":{\"name\":\"Comunicaci\u00f3 Esplac\",\"@id\":\"https:\\\/\\\/www.esplac.cat\\\/#\\\/schema\\\/person\\\/908383cf240be18b68f8855d0583faca\"},\"headline\":\"Busquem joves d\u2019Esplac per anar a l\u2019Art Camp, el campament internacional sobre art i cultura a Berl\u00edn\",\"datePublished\":\"2026-03-11T09:30:38+00:00\",\"dateModified\":\"2026-03-11T09:44:09+00:00\",\"mainEntityOfPage\":{\"@id\":\"https:\\\/\\\/www.esplac.cat\\\/busquem-joves-esplac-per-art-camp-campament-internacional-berlin\\\/\"},\"wordCount\":1439,\"publisher\":{\"@id\":\"https:\\\/\\\/www.esplac.cat\\\/#organization\"},\"image\":{\"@id\":\"https:\\\/\\\/www.esplac.cat\\\/busquem-joves-esplac-per-art-camp-campament-internacional-berlin\\\/#primaryimage\"},\"thumbnailUrl\":\"https:\\\/\\\/www.esplac.cat\\\/wp-content\\\/uploads\\\/2026\\\/03\\\/Noti_art-camp.jpg\",\"articleSection\":[\"Creuant mirades\",\"Esplac al m\u00f3n\",\"Sense categoria\"],\"inLanguage\":\"es\"},{\"@type\":\"WebPage\",\"@id\":\"https:\\\/\\\/www.esplac.cat\\\/busquem-joves-esplac-per-art-camp-campament-internacional-berlin\\\/\",\"url\":\"https:\\\/\\\/www.esplac.cat\\\/busquem-joves-esplac-per-art-camp-campament-internacional-berlin\\\/\",\"name\":\"Busquem joves d\u2019Esplac per anar a l\u2019Art Camp, el campament internacional sobre art i cultura a Berl\u00edn - Esplac\",\"isPartOf\":{\"@id\":\"https:\\\/\\\/www.esplac.cat\\\/#website\"},\"primaryImageOfPage\":{\"@id\":\"https:\\\/\\\/www.esplac.cat\\\/busquem-joves-esplac-per-art-camp-campament-internacional-berlin\\\/#primaryimage\"},\"image\":{\"@id\":\"https:\\\/\\\/www.esplac.cat\\\/busquem-joves-esplac-per-art-camp-campament-internacional-berlin\\\/#primaryimage\"},\"thumbnailUrl\":\"https:\\\/\\\/www.esplac.cat\\\/wp-content\\\/uploads\\\/2026\\\/03\\\/Noti_art-camp.jpg\",\"datePublished\":\"2026-03-11T09:30:38+00:00\",\"dateModified\":\"2026-03-11T09:44:09+00:00\",\"description\":\"Les joves participants podran gaudir d\u2019un campament internacional centrat en art, m\u00fasica, cinema, teatre i molt m\u00e9s!\",\"breadcrumb\":{\"@id\":\"https:\\\/\\\/www.esplac.cat\\\/busquem-joves-esplac-per-art-camp-campament-internacional-berlin\\\/#breadcrumb\"},\"inLanguage\":\"es\",\"potentialAction\":[{\"@type\":\"ReadAction\",\"target\":[\"https:\\\/\\\/www.esplac.cat\\\/busquem-joves-esplac-per-art-camp-campament-internacional-berlin\\\/\"]}]},{\"@type\":\"ImageObject\",\"inLanguage\":\"es\",\"@id\":\"https:\\\/\\\/www.esplac.cat\\\/busquem-joves-esplac-per-art-camp-campament-internacional-berlin\\\/#primaryimage\",\"url\":\"https:\\\/\\\/www.esplac.cat\\\/wp-content\\\/uploads\\\/2026\\\/03\\\/Noti_art-camp.jpg\",\"contentUrl\":\"https:\\\/\\\/www.esplac.cat\\\/wp-content\\\/uploads\\\/2026\\\/03\\\/Noti_art-camp.jpg\",\"width\":1697,\"height\":700,\"caption\":\"Campament internacional Art Camp\"},{\"@type\":\"BreadcrumbList\",\"@id\":\"https:\\\/\\\/www.esplac.cat\\\/busquem-joves-esplac-per-art-camp-campament-internacional-berlin\\\/#breadcrumb\",\"itemListElement\":[{\"@type\":\"ListItem\",\"position\":1,\"name\":\"Inici\",\"item\":\"https:\\\/\\\/www.esplac.cat\\\/es\\\/\"},{\"@type\":\"ListItem\",\"position\":2,\"name\":\"Busquem joves d\u2019Esplac per anar a l\u2019Art Camp, el campament internacional sobre art i cultura a Berl\u00edn\"}]},{\"@type\":\"WebSite\",\"@id\":\"https:\\\/\\\/www.esplac.cat\\\/#website\",\"url\":\"https:\\\/\\\/www.esplac.cat\\\/\",\"name\":\"Esplac\",\"description\":\"Esplais Catalans\",\"publisher\":{\"@id\":\"https:\\\/\\\/www.esplac.cat\\\/#organization\"},\"potentialAction\":[{\"@type\":\"SearchAction\",\"target\":{\"@type\":\"EntryPoint\",\"urlTemplate\":\"https:\\\/\\\/www.esplac.cat\\\/?s={search_term_string}\"},\"query-input\":{\"@type\":\"PropertyValueSpecification\",\"valueRequired\":true,\"valueName\":\"search_term_string\"}}],\"inLanguage\":\"es\"},{\"@type\":\"Organization\",\"@id\":\"https:\\\/\\\/www.esplac.cat\\\/#organization\",\"name\":\"Esplac\",\"url\":\"https:\\\/\\\/www.esplac.cat\\\/\",\"logo\":{\"@type\":\"ImageObject\",\"inLanguage\":\"es\",\"@id\":\"https:\\\/\\\/www.esplac.cat\\\/#\\\/schema\\\/logo\\\/image\\\/\",\"url\":\"https:\\\/\\\/www.esplac.cat\\\/wp-content\\\/uploads\\\/2019\\\/08\\\/logox2.png\",\"contentUrl\":\"https:\\\/\\\/www.esplac.cat\\\/wp-content\\\/uploads\\\/2019\\\/08\\\/logox2.png\",\"width\":600,\"height\":295,\"caption\":\"Esplac\"},\"image\":{\"@id\":\"https:\\\/\\\/www.esplac.cat\\\/#\\\/schema\\\/logo\\\/image\\\/\"}},{\"@type\":\"Person\",\"@id\":\"https:\\\/\\\/www.esplac.cat\\\/#\\\/schema\\\/person\\\/908383cf240be18b68f8855d0583faca\",\"name\":\"Comunicaci\u00f3 Esplac\",\"image\":{\"@type\":\"ImageObject\",\"inLanguage\":\"es\",\"@id\":\"https:\\\/\\\/secure.gravatar.com\\\/avatar\\\/7a4cf8feb412a76ea4a740ca02d95b06b2907b5a6c648c2dd0a1082a093c3141?s=96&d=mm&r=g\",\"url\":\"https:\\\/\\\/secure.gravatar.com\\\/avatar\\\/7a4cf8feb412a76ea4a740ca02d95b06b2907b5a6c648c2dd0a1082a093c3141?s=96&d=mm&r=g\",\"contentUrl\":\"https:\\\/\\\/secure.gravatar.com\\\/avatar\\\/7a4cf8feb412a76ea4a740ca02d95b06b2907b5a6c648c2dd0a1082a093c3141?s=96&d=mm&r=g\",\"caption\":\"Comunicaci\u00f3 Esplac\"}}]}<\/script>\n<!-- \/ Yoast SEO plugin. -->","yoast_head_json":{"title":"Busquem joves d\u2019Esplac per anar a l\u2019Art Camp, el campament internacional sobre art i cultura a Berl\u00edn - Esplac","description":"Les joves participants podran gaudir d\u2019un campament internacional centrat en art, m\u00fasica, cinema, teatre i molt m\u00e9s!","robots":{"index":"index","follow":"follow","max-snippet":"max-snippet:-1","max-image-preview":"max-image-preview:large","max-video-preview":"max-video-preview:-1"},"canonical":"https:\/\/www.esplac.cat\/busquem-joves-esplac-per-art-camp-campament-internacional-berlin\/","og_locale":"es_ES","og_type":"article","og_title":"Busquem joves d\u2019Esplac per anar a l\u2019Art Camp, el campament internacional sobre art i cultura a Berl\u00edn - Esplac","og_description":"Les joves participants podran gaudir d\u2019un campament internacional centrat en art, m\u00fasica, cinema, teatre i molt m\u00e9s!","og_url":"https:\/\/www.esplac.cat\/busquem-joves-esplac-per-art-camp-campament-internacional-berlin\/","og_site_name":"Esplac","article_published_time":"2026-03-11T09:30:38+00:00","article_modified_time":"2026-03-11T09:44:09+00:00","og_image":[{"width":1697,"height":700,"url":"https:\/\/www.esplac.cat\/wp-content\/uploads\/2026\/03\/Noti_art-camp.jpg","type":"image\/jpeg"}],"author":"Comunicaci\u00f3 Esplac","twitter_card":"summary_large_image","twitter_misc":{"Escrito por":"Comunicaci\u00f3 Esplac","Tiempo de lectura":"2 minutos"},"schema":{"@context":"https:\/\/schema.org","@graph":[{"@type":"Article","@id":"https:\/\/www.esplac.cat\/busquem-joves-esplac-per-art-camp-campament-internacional-berlin\/#article","isPartOf":{"@id":"https:\/\/www.esplac.cat\/busquem-joves-esplac-per-art-camp-campament-internacional-berlin\/"},"author":{"name":"Comunicaci\u00f3 Esplac","@id":"https:\/\/www.esplac.cat\/#\/schema\/person\/908383cf240be18b68f8855d0583faca"},"headline":"Busquem joves d\u2019Esplac per anar a l\u2019Art Camp, el campament internacional sobre art i cultura a Berl\u00edn","datePublished":"2026-03-11T09:30:38+00:00","dateModified":"2026-03-11T09:44:09+00:00","mainEntityOfPage":{"@id":"https:\/\/www.esplac.cat\/busquem-joves-esplac-per-art-camp-campament-internacional-berlin\/"},"wordCount":1439,"publisher":{"@id":"https:\/\/www.esplac.cat\/#organization"},"image":{"@id":"https:\/\/www.esplac.cat\/busquem-joves-esplac-per-art-camp-campament-internacional-berlin\/#primaryimage"},"thumbnailUrl":"https:\/\/www.esplac.cat\/wp-content\/uploads\/2026\/03\/Noti_art-camp.jpg","articleSection":["Creuant mirades","Esplac al m\u00f3n","Sense categoria"],"inLanguage":"es"},{"@type":"WebPage","@id":"https:\/\/www.esplac.cat\/busquem-joves-esplac-per-art-camp-campament-internacional-berlin\/","url":"https:\/\/www.esplac.cat\/busquem-joves-esplac-per-art-camp-campament-internacional-berlin\/","name":"Busquem joves d\u2019Esplac per anar a l\u2019Art Camp, el campament internacional sobre art i cultura a Berl\u00edn - Esplac","isPartOf":{"@id":"https:\/\/www.esplac.cat\/#website"},"primaryImageOfPage":{"@id":"https:\/\/www.esplac.cat\/busquem-joves-esplac-per-art-camp-campament-internacional-berlin\/#primaryimage"},"image":{"@id":"https:\/\/www.esplac.cat\/busquem-joves-esplac-per-art-camp-campament-internacional-berlin\/#primaryimage"},"thumbnailUrl":"https:\/\/www.esplac.cat\/wp-content\/uploads\/2026\/03\/Noti_art-camp.jpg","datePublished":"2026-03-11T09:30:38+00:00","dateModified":"2026-03-11T09:44:09+00:00","description":"Les joves participants podran gaudir d\u2019un campament internacional centrat en art, m\u00fasica, cinema, teatre i molt m\u00e9s!","breadcrumb":{"@id":"https:\/\/www.esplac.cat\/busquem-joves-esplac-per-art-camp-campament-internacional-berlin\/#breadcrumb"},"inLanguage":"es","potentialAction":[{"@type":"ReadAction","target":["https:\/\/www.esplac.cat\/busquem-joves-esplac-per-art-camp-campament-internacional-berlin\/"]}]},{"@type":"ImageObject","inLanguage":"es","@id":"https:\/\/www.esplac.cat\/busquem-joves-esplac-per-art-camp-campament-internacional-berlin\/#primaryimage","url":"https:\/\/www.esplac.cat\/wp-content\/uploads\/2026\/03\/Noti_art-camp.jpg","contentUrl":"https:\/\/www.esplac.cat\/wp-content\/uploads\/2026\/03\/Noti_art-camp.jpg","width":1697,"height":700,"caption":"Campament internacional Art Camp"},{"@type":"BreadcrumbList","@id":"https:\/\/www.esplac.cat\/busquem-joves-esplac-per-art-camp-campament-internacional-berlin\/#breadcrumb","itemListElement":[{"@type":"ListItem","position":1,"name":"Inici","item":"https:\/\/www.esplac.cat\/es\/"},{"@type":"ListItem","position":2,"name":"Busquem joves d\u2019Esplac per anar a l\u2019Art Camp, el campament internacional sobre art i cultura a Berl\u00edn"}]},{"@type":"WebSite","@id":"https:\/\/www.esplac.cat\/#website","url":"https:\/\/www.esplac.cat\/","name":"Esplac","description":"Esplais Catalans","publisher":{"@id":"https:\/\/www.esplac.cat\/#organization"},"potentialAction":[{"@type":"SearchAction","target":{"@type":"EntryPoint","urlTemplate":"https:\/\/www.esplac.cat\/?s={search_term_string}"},"query-input":{"@type":"PropertyValueSpecification","valueRequired":true,"valueName":"search_term_string"}}],"inLanguage":"es"},{"@type":"Organization","@id":"https:\/\/www.esplac.cat\/#organization","name":"Esplac","url":"https:\/\/www.esplac.cat\/","logo":{"@type":"ImageObject","inLanguage":"es","@id":"https:\/\/www.esplac.cat\/#\/schema\/logo\/image\/","url":"https:\/\/www.esplac.cat\/wp-content\/uploads\/2019\/08\/logox2.png","contentUrl":"https:\/\/www.esplac.cat\/wp-content\/uploads\/2019\/08\/logox2.png","width":600,"height":295,"caption":"Esplac"},"image":{"@id":"https:\/\/www.esplac.cat\/#\/schema\/logo\/image\/"}},{"@type":"Person","@id":"https:\/\/www.esplac.cat\/#\/schema\/person\/908383cf240be18b68f8855d0583faca","name":"Comunicaci\u00f3 Esplac","image":{"@type":"ImageObject","inLanguage":"es","@id":"https:\/\/secure.gravatar.com\/avatar\/7a4cf8feb412a76ea4a740ca02d95b06b2907b5a6c648c2dd0a1082a093c3141?s=96&d=mm&r=g","url":"https:\/\/secure.gravatar.com\/avatar\/7a4cf8feb412a76ea4a740ca02d95b06b2907b5a6c648c2dd0a1082a093c3141?s=96&d=mm&r=g","contentUrl":"https:\/\/secure.gravatar.com\/avatar\/7a4cf8feb412a76ea4a740ca02d95b06b2907b5a6c648c2dd0a1082a093c3141?s=96&d=mm&r=g","caption":"Comunicaci\u00f3 Esplac"}}]}},"_links":{"self":[{"href":"https:\/\/www.esplac.cat\/es\/wp-json\/wp\/v2\/posts\/55601","targetHints":{"allow":["GET"]}}],"collection":[{"href":"https:\/\/www.esplac.cat\/es\/wp-json\/wp\/v2\/posts"}],"about":[{"href":"https:\/\/www.esplac.cat\/es\/wp-json\/wp\/v2\/types\/post"}],"author":[{"embeddable":true,"href":"https:\/\/www.esplac.cat\/es\/wp-json\/wp\/v2\/users\/3"}],"replies":[{"embeddable":true,"href":"https:\/\/www.esplac.cat\/es\/wp-json\/wp\/v2\/comments?post=55601"}],"version-history":[{"count":1,"href":"https:\/\/www.esplac.cat\/es\/wp-json\/wp\/v2\/posts\/55601\/revisions"}],"predecessor-version":[{"id":55602,"href":"https:\/\/www.esplac.cat\/es\/wp-json\/wp\/v2\/posts\/55601\/revisions\/55602"}],"wp:featuredmedia":[{"embeddable":true,"href":"https:\/\/www.esplac.cat\/es\/wp-json\/wp\/v2\/media\/55603"}],"wp:attachment":[{"href":"https:\/\/www.esplac.cat\/es\/wp-json\/wp\/v2\/media?parent=55601"}],"wp:term":[{"taxonomy":"category","embeddable":true,"href":"https:\/\/www.esplac.cat\/es\/wp-json\/wp\/v2\/categories?post=55601"},{"taxonomy":"post_tag","embeddable":true,"href":"https:\/\/www.esplac.cat\/es\/wp-json\/wp\/v2\/tags?post=55601"}],"curies":[{"name":"wp","href":"https:\/\/api.w.org\/{rel}","templated":true}]}}